{"id":14791,"date":"2026-06-02T06:29:42","date_gmt":"2026-06-02T04:29:42","guid":{"rendered":"https:\/\/sp22.pl\/nowa\/?p=14791"},"modified":"2026-06-02T21:19:33","modified_gmt":"2026-06-02T19:19:33","slug":"janusz-korczak-patron-szkoly-patron-dzieci","status":"publish","type":"post","link":"https:\/\/sp22.pl\/nowa\/index.php\/2026\/06\/02\/janusz-korczak-patron-szkoly-patron-dzieci\/","title":{"rendered":"\u201eJanusz Korczak &#8211; patron szko\u0142y, patron dzieci\u201d"},"content":{"rendered":"<p><img loading=\"lazy\" decoding=\"async\" class=\"wp-image-11597 aligncenter\" src=\"https:\/\/sp22.pl\/nowa\/wp-content\/uploads\/2025\/10\/001-nprcz-belka-men-kolor-rgb-300x37.jpg\" alt=\"\" width=\"973\" height=\"120\" srcset=\"https:\/\/sp22.pl\/nowa\/wp-content\/uploads\/2025\/10\/001-nprcz-belka-men-kolor-rgb-300x37.jpg 300w, https:\/\/sp22.pl\/nowa\/wp-content\/uploads\/2025\/10\/001-nprcz-belka-men-kolor-rgb-1024x127.jpg 1024w, https:\/\/sp22.pl\/nowa\/wp-content\/uploads\/2025\/10\/001-nprcz-belka-men-kolor-rgb-768x95.jpg 768w, https:\/\/sp22.pl\/nowa\/wp-content\/uploads\/2025\/10\/001-nprcz-belka-men-kolor-rgb-1536x190.jpg 1536w, https:\/\/sp22.pl\/nowa\/wp-content\/uploads\/2025\/10\/001-nprcz-belka-men-kolor-rgb.jpg 2000w\" sizes=\"auto, (max-width: 973px) 100vw, 973px\" \/><\/p>\n<p><span style=\"color: #000000;\"><span style=\"font-family: Arial, sans-serif;\"><span style=\"font-size: medium;\">W naszej szkole zako\u0144czyli\u015bmy realizacj\u0119 wyj\u0105tkowego projektu edukacyjnego zatytu\u0142owanego <\/span><\/span><span style=\"font-family: Arial, sans-serif;\"><span style=\"font-size: medium;\">\u201eJanusz Korczak &#8211; patron szko\u0142y, patron dzieci\u201d<\/span><\/span><span style=\"font-family: Arial, sans-serif;\"><span style=\"font-size: medium;\">. Dzia\u0142ania trwa\u0142y od lutego do maja 2026 roku i by\u0142y realizowane w ramach <\/span><\/span><span style=\"font-family: Arial, sans-serif;\"><span style=\"font-size: medium;\">Narodowego Programu Rozwoju Czytelnictwa 2.0<\/span><\/span><span style=\"font-family: Arial, sans-serif;\"><span style=\"font-size: medium;\">.<\/span><\/span><\/span><\/p>\n<p><span style=\"color: #000000;\"><span style=\"font-family: Arial, sans-serif;\"><span style=\"font-size: medium;\">G\u0142\u00f3wnym celem projektu by\u0142o promowanie czytelnictwa oraz przybli\u017cenie czwartoklasistom niezwyk\u0142ej sylwetki naszego patrona. Inspiracj\u0105 do tw\u00f3rczych dzia\u0142a\u0144 sta\u0142y si\u0119 wspania\u0142e pozycje z bogatego ksi\u0119gozbioru biblioteki szkolnej, m.in. <\/span><\/span><span style=\"font-family: Arial, sans-serif;\"><span style=\"font-size: medium;\">\u201eKr\u00f3l Maciu\u015b Pierwszy\u201d<\/span><\/span><span style=\"font-family: Arial, sans-serif;\"><span style=\"font-size: medium;\">, <\/span><\/span><span style=\"font-family: Arial, sans-serif;\"><span style=\"font-size: medium;\">\u201ePami\u0119tnik Blumki\u201d<\/span><\/span><span style=\"font-family: Arial, sans-serif;\"><span style=\"font-size: medium;\"> czy <\/span><\/span><span style=\"font-family: Arial, sans-serif;\"><span style=\"font-size: medium;\">\u201eJanusz Korczak. Lekarz o z\u0142otym sercu\u201d<\/span><\/span><span style=\"font-family: Arial, sans-serif;\"><span style=\"font-size: medium;\">.<\/span><\/span><\/span><\/p>\n<p><span style=\"color: #000000;\"><span style=\"font-family: Arial, sans-serif;\"><span style=\"font-size: medium;\">W trakcie wydarzenia Uczniowie wzi\u0119li udzia\u0142 w lekcjach pe\u0142nych odkry\u0107. O<\/span><\/span><span style=\"font-family: Arial, sans-serif;\"><span style=\"font-size: medium;\">bejrzeli prezentacj\u0119 o \u017cyciu Starego Doktora, rozmawiali o jego pogl\u0105dach i analizowali teksty literackie.<\/span><\/span><\/span><\/p>\n<p><span style=\"color: #000000;\"><span style=\"font-family: Arial, sans-serif;\"><span style=\"font-size: medium;\">W ramach tw\u00f3rczych warsztat\u00f3w Uczniowie wykonali k<\/span><\/span><span style=\"font-family: Arial, sans-serif;\"><span style=\"font-size: medium;\">reatywne lapbooki (klasy: IVa, IVc, IVe).<\/span><\/span><span style=\"font-family: Arial, sans-serif;\"><span style=\"font-size: medium;\"> Pracuj\u0105c w grupach, Uczniowie stworzyli interaktywne teczki tematyczne opowiadaj\u0105ce o niezwyk\u0142ym \u017cyciu niezwyk\u0142ego cz\u0142owieka. W schowkach i okienkach zamkn\u0119li wiedz\u0119 o Korczaku jako lekarzu, pisarzu i wychowawcy.<\/span><\/span><\/span><\/p>\n<p><span style=\"color: #000000;\"><span style=\"font-family: Arial, sans-serif;\"><span style=\"font-size: medium;\">Uczniowie z klasy IVb oraz IV s przygotowali indywidualne prace plastyczne <\/span><\/span><span style=\"font-family: Arial, sans-serif;\"><span style=\"font-size: medium;\">\u201eTa my\u015bl mnie zainspirowa\u0142a\u201d<\/span><\/span><span style=\"font-family: Arial, sans-serif;\"><span style=\"font-size: medium;\">, \u0142\u0105cz\u0105c portret patrona z jego ponadczasowymi cytatami.<\/span><\/span><\/span><\/p>\n<p><span style=\"color: #000000;\"><a style=\"color: #000000;\" name=\"Bookmark\"><\/a><span style=\"font-family: Arial, sans-serif;\"><span style=\"font-size: medium;\">Projekt ten udowodni\u0142, jak wielk\u0105 wyobra\u017ani\u0105 dysponuj\u0105 nasi czwartoklasi\u015bci. Uczniowie doskonalili tak\u017ce umiej\u0119tno\u015b\u0107 pracy w grupie, rozwijali empati\u0119 oraz uczyli si\u0119 samodzielnego wyszukiwania informacji.<\/span><\/span><\/span><\/p>\n<p><span style=\"font-family: Arial, sans-serif; color: #000000;\"><span style=\"font-size: medium;\">Wszystkie dzie\u0142a zosta\u0142y zaprezentowane na forum klas, a w pracowniach polonistycznych powsta\u0142y przepi\u0119kne gazetki i wystawy tematyczne. Efekty zaanga\u017cowania naszych Uczni\u00f3w oraz ich niesamowit\u0105 kreatywno\u015b\u0107 mo\u017cecie podziwia\u0107 w poni\u017cszej fotorelacji. Zapraszamy do ogl\u0105dania!<\/span><\/span><\/p>\n<p><em><span style=\"font-family: Arial, sans-serif; color: #000000;\"><span style=\"font-size: medium;\">Koordynatorki projektu: Anna Cybulska, Agnieszka Sosnowska<\/span><\/span><\/em><\/p>\n<p><em><span style=\"font-family: Arial, sans-serif; color: #000000;\"><span style=\"font-size: medium;\">Przygotowanie materia\u0142u: Renata Piliczewska<\/span><\/span><\/em><\/p>\nngg_shortcode_0_placeholder\n","protected":false},"excerpt":{"rendered":"<p>&#46;&#46;&#46;<\/p>\n","protected":false},"author":8,"featured_media":14792,"comment_status":"open","ping_status":"open","sticky":false,"template":"","format":"standard","meta":{"ngg_post_thumbnail":0,"footnotes":""},"categories":[1],"tags":[],"class_list":["post-14791","post","type-post","status-publish","format-standard","has-post-thumbnail","hentry","category-wiadomosci"],"_links":{"self":[{"href":"https:\/\/sp22.pl\/nowa\/index.php\/wp-json\/wp\/v2\/posts\/14791","targetHints":{"allow":["GET"]}}],"collection":[{"href":"https:\/\/sp22.pl\/nowa\/index.php\/wp-json\/wp\/v2\/posts"}],"about":[{"href":"https:\/\/sp22.pl\/nowa\/index.php\/wp-json\/wp\/v2\/types\/post"}],"author":[{"embeddable":true,"href":"https:\/\/sp22.pl\/nowa\/index.php\/wp-json\/wp\/v2\/users\/8"}],"replies":[{"embeddable":true,"href":"https:\/\/sp22.pl\/nowa\/index.php\/wp-json\/wp\/v2\/comments?post=14791"}],"version-history":[{"count":2,"href":"https:\/\/sp22.pl\/nowa\/index.php\/wp-json\/wp\/v2\/posts\/14791\/revisions"}],"predecessor-version":[{"id":14794,"href":"https:\/\/sp22.pl\/nowa\/index.php\/wp-json\/wp\/v2\/posts\/14791\/revisions\/14794"}],"wp:featuredmedia":[{"embeddable":true,"href":"https:\/\/sp22.pl\/nowa\/index.php\/wp-json\/wp\/v2\/media\/14792"}],"wp:attachment":[{"href":"https:\/\/sp22.pl\/nowa\/index.php\/wp-json\/wp\/v2\/media?parent=14791"}],"wp:term":[{"taxonomy":"category","embeddable":true,"href":"https:\/\/sp22.pl\/nowa\/index.php\/wp-json\/wp\/v2\/categories?post=14791"},{"taxonomy":"post_tag","embeddable":true,"href":"https:\/\/sp22.pl\/nowa\/index.php\/wp-json\/wp\/v2\/tags?post=14791"}],"curies":[{"name":"wp","href":"https:\/\/api.w.org\/{rel}","templated":true}]}}