{"id":14755,"date":"2026-05-25T08:18:36","date_gmt":"2026-05-25T06:18:36","guid":{"rendered":"https:\/\/sp22.pl\/nowa\/?p=14755"},"modified":"2026-06-02T08:21:44","modified_gmt":"2026-06-02T06:21:44","slug":"kuchnie-swiata-dzien-wegierski-2","status":"publish","type":"post","link":"https:\/\/sp22.pl\/nowa\/index.php\/2026\/05\/25\/kuchnie-swiata-dzien-wegierski-2\/","title":{"rendered":"Kuchnie \u015bwiata &#8211; dzie\u0144 w\u0119gierski"},"content":{"rendered":"<p class=\"western\"><span style=\"font-family: Arial, sans-serif; color: #000000;\">Kolejna ods\u0142ona szkolnego cyklu \u201eKuchnie \u015bwiata\u201d przenios\u0142a nas na s\u0142oneczne i pe\u0142ne aromat\u00f3w W\u0119gry. Kuchnia tego kraju znana jest z wyrazistych smak\u00f3w, aromatycznych przypraw oraz potraw przygotowywanych wed\u0142ug tradycyjnych receptur, przekazywanych z pokolenia na pokolenie. To w\u0142a\u015bnie dzi\u0119ki bogactwu smak\u00f3w i wyj\u0105tkowej atmosferze wsp\u00f3lnego biesiadowania kuchnia w\u0119gierska cieszy si\u0119 popularno\u015bci\u0105 w wielu krajach Europy.<\/span><\/p>\n<p class=\"western\"><span style=\"font-family: Arial, sans-serif; color: #000000;\">Jej najbardziej charakterystycznym sk\u0142adnikiem jest papryka, wykorzystywana w wielu daniach jako podstawowa przyprawa. Dzi\u0119ki niej potrawy maj\u0105 niepowtarzalny aromat, smak i pi\u0119kny kolor. W kuchni w\u0119gierskiej cz\u0119sto wykorzystuje si\u0119 r\u00f3wnie\u017c mi\u0119so, ziemniaki, pomidory, cebul\u0119 oraz inne \u015bwie\u017ce warzywa. W\u0119gierskie dania s\u0105 syc\u0105ce i doskonale sprawdzaj\u0105 si\u0119 szczeg\u00f3lnie w ch\u0142odniejsze dni. Do najbardziej znanych nale\u017c\u0105: gulasz w\u0119gierski, leczo, paprykarz oraz langosze. Ciekawostk\u0105 jest, \u017ce w\u0119gierska papryka to jedna z najlepszych na \u015bwiecie i stanowi symbol tamtejszej kuchni.<\/span><\/p>\n<p class=\"western\"><span style=\"font-family: Arial, sans-serif; color: #000000;\">Podczas dnia w\u0119gierskiego uczniowie mogli spr\u00f3bowa\u0107 obiadu inspirowanego tradycyjn\u0105 kuchni\u0105 tego kraju. W szkolnym menu znalaz\u0142a si\u0119 delikatna zupa warzywna, makaron z aromatycznym sosem gulaszowym oraz owocowy nap\u00f3j. Dania wzbudzi\u0142y du\u017ce zainteresowanie i by\u0142y okazj\u0105 do poznania nowych smak\u00f3w oraz zwyczaj\u00f3w kulinarnych naszych europejskich s\u0105siad\u00f3w.<\/span><\/p>\n<p class=\"western\"><em><span style=\"color: #000000;\"><span style=\"font-family: Arial, sans-serif;\">Opracowanie materia\u0142u: Marta Olkuska<\/span><\/span><\/em><\/p>\n<p><img loading=\"lazy\" decoding=\"async\" class=\"alignnone size-full wp-image-14756\" src=\"https:\/\/sp22.pl\/nowa\/wp-content\/uploads\/2026\/06\/02_kuchnie_swiata_dzien_wegierski_2025_2026.jpg\" alt=\"Na zdj\u0119ciu widoczny jest zestaw obiadowy ustawiony stole przykrytym jasnym obrusem. Na talerzu wida\u0107 makaron z gulaszem w\u0119gierskim. Obok znajduje si\u0119 talerz zupy warzywnej ozdobionej natk\u0105 pietruszki. Nieopodal stoi szklanka czerwonego kompotu.\" width=\"1024\" height=\"683\" srcset=\"https:\/\/sp22.pl\/nowa\/wp-content\/uploads\/2026\/06\/02_kuchnie_swiata_dzien_wegierski_2025_2026.jpg 1024w, https:\/\/sp22.pl\/nowa\/wp-content\/uploads\/2026\/06\/02_kuchnie_swiata_dzien_wegierski_2025_2026-300x200.jpg 300w, https:\/\/sp22.pl\/nowa\/wp-content\/uploads\/2026\/06\/02_kuchnie_swiata_dzien_wegierski_2025_2026-768x512.jpg 768w\" sizes=\"auto, (max-width: 1024px) 100vw, 1024px\" \/> <img loading=\"lazy\" decoding=\"async\" class=\"alignnone size-full wp-image-14757\" src=\"https:\/\/sp22.pl\/nowa\/wp-content\/uploads\/2026\/06\/01_kuchnie_swiata_dzien_wegierski_2025_2026.jpg\" alt=\"Na zdj\u0119ciu znajduje si\u0119 kolorowa tablica edukacyjna zatytu\u0142owana \u201eKUCHNIE \u015aWIATA \u2013 KUCHNIA W\u0118GIERSKA\u201d. Podzielona jest ona na trzy cz\u0119\u015bci. Maj\u0105 one kolor zielony, bia\u0142y i czerwony. Widoczne s\u0105 nazwy i ilustracje potraw, m.in. gulaszu, leczo i zupy rybnej. Ca\u0142o\u015b\u0107 ozdobiona jest rysunkami papryki chili oraz innych warzyw charakterystycznych dla kuchni w\u0119gierskiej.\" width=\"1024\" height=\"759\" srcset=\"https:\/\/sp22.pl\/nowa\/wp-content\/uploads\/2026\/06\/01_kuchnie_swiata_dzien_wegierski_2025_2026.jpg 1024w, https:\/\/sp22.pl\/nowa\/wp-content\/uploads\/2026\/06\/01_kuchnie_swiata_dzien_wegierski_2025_2026-300x222.jpg 300w, https:\/\/sp22.pl\/nowa\/wp-content\/uploads\/2026\/06\/01_kuchnie_swiata_dzien_wegierski_2025_2026-768x569.jpg 768w\" sizes=\"auto, (max-width: 1024px) 100vw, 1024px\" \/><\/p>\n","protected":false},"excerpt":{"rendered":"<p>&#46;&#46;&#46;<\/p>\n","protected":false},"author":9,"featured_media":14758,"comment_status":"open","ping_status":"open","sticky":false,"template":"","format":"standard","meta":{"ngg_post_thumbnail":0,"footnotes":""},"categories":[1],"tags":[],"class_list":["post-14755","post","type-post","status-publish","format-standard","has-post-thumbnail","hentry","category-wiadomosci"],"_links":{"self":[{"href":"https:\/\/sp22.pl\/nowa\/index.php\/wp-json\/wp\/v2\/posts\/14755","targetHints":{"allow":["GET"]}}],"collection":[{"href":"https:\/\/sp22.pl\/nowa\/index.php\/wp-json\/wp\/v2\/posts"}],"about":[{"href":"https:\/\/sp22.pl\/nowa\/index.php\/wp-json\/wp\/v2\/types\/post"}],"author":[{"embeddable":true,"href":"https:\/\/sp22.pl\/nowa\/index.php\/wp-json\/wp\/v2\/users\/9"}],"replies":[{"embeddable":true,"href":"https:\/\/sp22.pl\/nowa\/index.php\/wp-json\/wp\/v2\/comments?post=14755"}],"version-history":[{"count":4,"href":"https:\/\/sp22.pl\/nowa\/index.php\/wp-json\/wp\/v2\/posts\/14755\/revisions"}],"predecessor-version":[{"id":14762,"href":"https:\/\/sp22.pl\/nowa\/index.php\/wp-json\/wp\/v2\/posts\/14755\/revisions\/14762"}],"wp:featuredmedia":[{"embeddable":true,"href":"https:\/\/sp22.pl\/nowa\/index.php\/wp-json\/wp\/v2\/media\/14758"}],"wp:attachment":[{"href":"https:\/\/sp22.pl\/nowa\/index.php\/wp-json\/wp\/v2\/media?parent=14755"}],"wp:term":[{"taxonomy":"category","embeddable":true,"href":"https:\/\/sp22.pl\/nowa\/index.php\/wp-json\/wp\/v2\/categories?post=14755"},{"taxonomy":"post_tag","embeddable":true,"href":"https:\/\/sp22.pl\/nowa\/index.php\/wp-json\/wp\/v2\/tags?post=14755"}],"curies":[{"name":"wp","href":"https:\/\/api.w.org\/{rel}","templated":true}]}}