{"id":14734,"date":"2026-05-15T08:25:55","date_gmt":"2026-05-15T06:25:55","guid":{"rendered":"https:\/\/sp22.pl\/nowa\/?p=14734"},"modified":"2026-05-29T08:36:20","modified_gmt":"2026-05-29T06:36:20","slug":"235-rocznica-uchwalenia-konstytucji-3-maja-w-naszej-szkole","status":"publish","type":"post","link":"https:\/\/sp22.pl\/nowa\/index.php\/2026\/05\/15\/235-rocznica-uchwalenia-konstytucji-3-maja-w-naszej-szkole\/","title":{"rendered":"235. rocznica uchwalenia Konstytucji 3 Maja w naszej Szkole!"},"content":{"rendered":"<p><span style=\"color: #000000;\">W tym roku obchodzili\u015bmy 235. rocznic\u0119 uchwalenia Konstytucji 3 Maja. Uchwalona w 1791 r. by\u0142a pierwsz\u0105 w Europie i drug\u0105 na \u015bwiecie, po konstytucji Stan\u00f3w Zjednoczonych, spisan\u0105 ustaw\u0105 zasadnicz\u0105, kt\u00f3ra regulowa\u0142a zasady funkcjonowania pa\u0144stwa oraz okre\u015bla\u0142a prawa i obowi\u0105zki obywateli. W zwi\u0105zku z tym 29 kwietnia 2026 r. Dyrekcja, Nauczyciele i Uczniowie naszej szko\u0142y upami\u0119tnili obchody jej rocznicy uroczyst\u0105 akademi\u0105. Apel rozpocz\u0105\u0142 si\u0119 od od\u015bpiewania przez ch\u00f3r TU TU i spo\u0142eczno\u015b\u0107 szkoln\u0105 Hymnu pa\u0144stwowego. Po powitaniu Uczniowie zaanga\u017cowani w przygotowanie uroczysto\u015bci przybli\u017cyli histori\u0119 Konstytucji i okoliczno\u015bci jej powstania, za\u015b klasa 3f, wraz z ch\u00f3rem, od\u015bpiewa\u0142a pie\u015b\u0144 pt. \u201eMajowa jutrzenka\u201d. G\u0142\u00f3wna bohaterka cz\u0119\u015bci artystycznej, czytaj\u0105c swoj\u0105 kartk\u0119 z pami\u0119tnika, zwr\u00f3ci\u0142a uwag\u0119 wszystkich zebranych na dobra, jakie dzi\u0119ki Konstytucji zdobyli\u015bmy. Na koniec uroczysto\u015bci g\u0142os zabra\u0142a Pani Dyrektor Marlena B\u0142achowicz, kt\u00f3ra podzi\u0119kowa\u0142a organizatorom oraz wszystkim zebranym za obecno\u015bci. Pani Dyrektor zaprosi\u0142a r\u00f3wnie\u017c Uczni\u00f3w i ich Rodzic\u00f3w do wzi\u0119cia udzia\u0142u w miejskich obchodach tego wa\u017cnego \u015bwi\u0119ta.&nbsp;<\/span><\/p>\n<p><span style=\"color: #000000;\"><em>Opracowanie materia\u0142u: Magdalena Wilicka<\/em><\/span><\/p>\nngg_shortcode_0_placeholder\n","protected":false},"excerpt":{"rendered":"<p>&#46;&#46;&#46;<\/p>\n","protected":false},"author":5,"featured_media":14510,"comment_status":"open","ping_status":"open","sticky":false,"template":"","format":"standard","meta":{"ngg_post_thumbnail":0,"footnotes":""},"categories":[1],"tags":[],"class_list":["post-14734","post","type-post","status-publish","format-standard","has-post-thumbnail","hentry","category-wiadomosci"],"_links":{"self":[{"href":"https:\/\/sp22.pl\/nowa\/index.php\/wp-json\/wp\/v2\/posts\/14734","targetHints":{"allow":["GET"]}}],"collection":[{"href":"https:\/\/sp22.pl\/nowa\/index.php\/wp-json\/wp\/v2\/posts"}],"about":[{"href":"https:\/\/sp22.pl\/nowa\/index.php\/wp-json\/wp\/v2\/types\/post"}],"author":[{"embeddable":true,"href":"https:\/\/sp22.pl\/nowa\/index.php\/wp-json\/wp\/v2\/users\/5"}],"replies":[{"embeddable":true,"href":"https:\/\/sp22.pl\/nowa\/index.php\/wp-json\/wp\/v2\/comments?post=14734"}],"version-history":[{"count":3,"href":"https:\/\/sp22.pl\/nowa\/index.php\/wp-json\/wp\/v2\/posts\/14734\/revisions"}],"predecessor-version":[{"id":14747,"href":"https:\/\/sp22.pl\/nowa\/index.php\/wp-json\/wp\/v2\/posts\/14734\/revisions\/14747"}],"wp:featuredmedia":[{"embeddable":true,"href":"https:\/\/sp22.pl\/nowa\/index.php\/wp-json\/wp\/v2\/media\/14510"}],"wp:attachment":[{"href":"https:\/\/sp22.pl\/nowa\/index.php\/wp-json\/wp\/v2\/media?parent=14734"}],"wp:term":[{"taxonomy":"category","embeddable":true,"href":"https:\/\/sp22.pl\/nowa\/index.php\/wp-json\/wp\/v2\/categories?post=14734"},{"taxonomy":"post_tag","embeddable":true,"href":"https:\/\/sp22.pl\/nowa\/index.php\/wp-json\/wp\/v2\/tags?post=14734"}],"curies":[{"name":"wp","href":"https:\/\/api.w.org\/{rel}","templated":true}]}}