{"id":14725,"date":"2026-05-21T16:21:59","date_gmt":"2026-05-21T14:21:59","guid":{"rendered":"https:\/\/sp22.pl\/nowa\/?p=14725"},"modified":"2026-06-01T10:49:07","modified_gmt":"2026-06-01T08:49:07","slug":"27-piknik-europejski-2026-w-plocku","status":"publish","type":"post","link":"https:\/\/sp22.pl\/nowa\/index.php\/2026\/05\/21\/27-piknik-europejski-2026-w-plocku\/","title":{"rendered":"27. Piknik Europejski 2026 w P\u0142ocku"},"content":{"rendered":"<p class=\"western\"><span style=\"font-family: Arial, sans-serif; color: #000000;\"><span style=\"font-size: medium;\">9 maja 2026 roku Uczniowie Szko\u0142y Podstawowej nr 22 im. Janusza Korczaka w P\u0142ocku uczestniczyli w 27. Pikniku Europejskim, kt\u00f3ry odby\u0142 si\u0119 na Starym Rynku z okazji Dnia Europy. Wydarzenie zgromadzi\u0142o mieszka\u0144c\u00f3w miasta, przedstawicieli szk\u00f3\u0142 oraz go\u015bci z Polski i zagranicy. Nasza szko\u0142a reprezentowa\u0142a Mongoli\u0119.<\/span><\/span><\/p>\n<p class=\"western\"><span style=\"font-family: Arial, sans-serif; color: #000000;\"><span style=\"font-size: medium;\">Stoisko przygotowane przez Uczni\u00f3w i Nauczycieli cieszy\u0142o si\u0119 ogromnym zainteresowaniem odwiedzaj\u0105cych. Na uczestnik\u00f3w czeka\u0142o wiele atrakcji zwi\u0105zanych z kultur\u0105 i tradycjami Mongolii. Dzieci mog\u0142y w\u0142asnor\u0119cznie wykonywa\u0107 kolorowe bransoletki z koralik\u00f3w, malowa\u0107 kamienie mazakami akrylowymi oraz kolorowa\u0107 ilustracje przedstawiaj\u0105ce tradycyjn\u0105 mongolsk\u0105 jurt\u0119. Wszystkie przygotowane aktywno\u015bci pozwala\u0142y uczestnikom w ciekawy i kreatywny spos\u00f3b poznawa\u0107 kultur\u0119 tego niezwyk\u0142ego kraju.<\/span><\/span><\/p>\n<p class=\"western\"><span style=\"color: #000000;\"><span style=\"font-family: Arial, sans-serif;\"><span style=\"font-size: medium;\">Nasze stoisko odwiedzi\u0142 Prezydent Miasta P\u0142ocka <\/span><\/span><span style=\"font-family: Arial, sans-serif;\"><span style=\"font-size: medium;\">Andrzej Nowakowski<\/span><\/span><span style=\"font-family: Arial, sans-serif;\"><span style=\"font-size: medium;\">, kt\u00f3ry spotka\u0142 si\u0119 z Uczniami oraz Nauczycielami. W wydarzeniu uczestniczy\u0142 r\u00f3wnie\u017c Wiceprezydent Miasta P\u0142ocka \u0141ukasz Jankowski, kt\u00f3ry z zainteresowaniem ogl\u0105da\u0142 przygotowane prace i rozmawia\u0142 z uczniami o Mongolii oraz przygotowanych atrakcjach. W wydarzeniu uczestniczy\u0142a r\u00f3wnie\u017c Dyrektor Szko\u0142y Podstawowej nr 22 Pani Marlena B\u0142achowicz oraz Wicedyrektor Pani Monika Przemy\u0142ska, kt\u00f3re wspiera\u0142y Uczni\u00f3w podczas ca\u0142ego wydarzenia i z dum\u0105 obserwowa\u0142y zaanga\u017cowanie spo\u0142eczno\u015bci szkolnej.<\/span><\/span><\/span><\/p>\n<p class=\"western\"><span style=\"font-family: Arial, sans-serif; color: #000000;\"><span style=\"font-size: medium;\">Szczeg\u00f3lnym zaszczytem dla naszej szko\u0142y by\u0142a obecno\u015b\u0107 przedstawicieli Ambasady Mongolii w Polsce. Nasze stoisko odwiedzili przedstawiciele ambasady wraz z Ambasadorem Mongolii w Polsce Pani\u0105 Oyundari Navaan-Yunden oraz pracownikami ambasady odpowiedzialnymi za wsp\u00f3\u0142prac\u0119 kulturaln\u0105. Ich obecno\u015b\u0107 by\u0142a dla Uczni\u00f3w ogromnym wyr\u00f3\u017cnieniem i podkre\u015bli\u0142a mi\u0119dzynarodowy charakter wydarzenia.<\/span><\/span><\/p>\n<p class=\"western\"><span style=\"font-family: Arial, sans-serif; color: #000000;\"><span style=\"font-size: medium;\">Wyj\u0105tkowym momentem Pikniku Europejskiego by\u0142y tak\u017ce prezentacje artystyczne przygotowane przez kobiety z Mongolii, kt\u00f3re przy naszym stoisku zaprezentowa\u0142y tradycyjn\u0105 muzyk\u0119, \u015bpiew oraz ta\u0144ce mongolskie. Go\u015bcie mogli us\u0142ysze\u0107 mongolskie pie\u015bni oraz zobaczy\u0107 wyst\u0119py artystyczne ukazuj\u0105ce kultur\u0119 i folklor Mongolii. Wyst\u0119py wzbudzi\u0142y ogromne zainteresowanie i zosta\u0142y nagrodzone gromkimi brawami przez uczestnik\u00f3w wydarzenia.<\/span><\/span><\/p>\n<p class=\"western\"><span style=\"font-family: Arial, sans-serif; color: #000000;\"><span style=\"font-size: medium;\">Podczas pikniku odbywa\u0142y si\u0119 r\u00f3wnie\u017c wyst\u0119py artystyczne Uczni\u00f3w p\u0142ockich szk\u00f3\u0142 i przedszkoli. Oficjalne rozpocz\u0119cie wydarzenia u\u015bwietni\u0142a \u201eOda do rado\u015bci\u201d wykonana przez Orkiestr\u0119 P\u0142ockich Szk\u00f3\u0142 Muzycznych. Na scenie wyst\u0105pi\u0142a tak\u017ce dzieci\u0119ca orkiestra RICHTER KIDS z \u017bytomierza na Ukrainie oraz Uczniowie prezentuj\u0105cy muzyk\u0119 i ta\u0144ce r\u00f3\u017cnych kraj\u00f3w Europy i \u015bwiata.<\/span><\/span><\/p>\n<p class=\"western\"><span style=\"font-family: Arial, sans-serif; color: #000000;\"><span style=\"font-size: medium;\">Udzia\u0142 Szko\u0142y Podstawowej nr 22 w 27. Pikniku Europejskim by\u0142 wyj\u0105tkowym wydarzeniem, kt\u00f3re pozwoli\u0142o Uczniom przenie\u015b\u0107 uczestnik\u00f3w pikniku w niezwyk\u0142y \u015bwiat kultury i tradycji Mongolii. Przygotowane przez spo\u0142eczno\u015b\u0107 szkoln\u0105 stoisko przyci\u0105ga\u0142o mieszka\u0144c\u00f3w kolorowymi dekoracjami, warsztatami artystycznymi oraz prezentacjami mongolskiej muzyki i ta\u0144ca. Spotkania z przedstawicielami Ambasady Mongolii, wsp\u00f3lne rozmowy oraz wyst\u0119py artystyczne stworzy\u0142y niepowtarzaln\u0105 atmosfer\u0119 i sprawi\u0142y, \u017ce tegoroczny Piknik Europejski na d\u0142ugo pozostanie w pami\u0119ci Uczni\u00f3w, Nauczycieli i odwiedzaj\u0105cych.<\/span><\/span><\/p>\n<p><em><span style=\"color: #000000;\">Koordynator przedsi\u0119wzi\u0119cia: Bogdan Kowalewski<\/span><\/em><\/p>\n<p><em><span style=\"color: #000000;\">Opracowanie materia\u0142u: Marta Olkuska, Kinga Tobota<\/span><\/em><\/p>\nngg_shortcode_0_placeholder\n","protected":false},"excerpt":{"rendered":"<p>&#46;&#46;&#46;<\/p>\n","protected":false},"author":8,"featured_media":14727,"comment_status":"open","ping_status":"open","sticky":false,"template":"","format":"standard","meta":{"ngg_post_thumbnail":0,"footnotes":""},"categories":[1],"tags":[],"class_list":["post-14725","post","type-post","status-publish","format-standard","has-post-thumbnail","hentry","category-wiadomosci"],"_links":{"self":[{"href":"https:\/\/sp22.pl\/nowa\/index.php\/wp-json\/wp\/v2\/posts\/14725","targetHints":{"allow":["GET"]}}],"collection":[{"href":"https:\/\/sp22.pl\/nowa\/index.php\/wp-json\/wp\/v2\/posts"}],"about":[{"href":"https:\/\/sp22.pl\/nowa\/index.php\/wp-json\/wp\/v2\/types\/post"}],"author":[{"embeddable":true,"href":"https:\/\/sp22.pl\/nowa\/index.php\/wp-json\/wp\/v2\/users\/8"}],"replies":[{"embeddable":true,"href":"https:\/\/sp22.pl\/nowa\/index.php\/wp-json\/wp\/v2\/comments?post=14725"}],"version-history":[{"count":3,"href":"https:\/\/sp22.pl\/nowa\/index.php\/wp-json\/wp\/v2\/posts\/14725\/revisions"}],"predecessor-version":[{"id":14748,"href":"https:\/\/sp22.pl\/nowa\/index.php\/wp-json\/wp\/v2\/posts\/14725\/revisions\/14748"}],"wp:featuredmedia":[{"embeddable":true,"href":"https:\/\/sp22.pl\/nowa\/index.php\/wp-json\/wp\/v2\/media\/14727"}],"wp:attachment":[{"href":"https:\/\/sp22.pl\/nowa\/index.php\/wp-json\/wp\/v2\/media?parent=14725"}],"wp:term":[{"taxonomy":"category","embeddable":true,"href":"https:\/\/sp22.pl\/nowa\/index.php\/wp-json\/wp\/v2\/categories?post=14725"},{"taxonomy":"post_tag","embeddable":true,"href":"https:\/\/sp22.pl\/nowa\/index.php\/wp-json\/wp\/v2\/tags?post=14725"}],"curies":[{"name":"wp","href":"https:\/\/api.w.org\/{rel}","templated":true}]}}