{"id":14700,"date":"2026-05-28T16:10:57","date_gmt":"2026-05-28T14:10:57","guid":{"rendered":"https:\/\/sp22.pl\/nowa\/?p=14700"},"modified":"2026-05-28T16:11:55","modified_gmt":"2026-05-28T14:11:55","slug":"projekt-edukacyjny-dla-uczniow-klas-8-nobel-dla-onz","status":"publish","type":"post","link":"https:\/\/sp22.pl\/nowa\/index.php\/2026\/05\/28\/projekt-edukacyjny-dla-uczniow-klas-8-nobel-dla-onz\/","title":{"rendered":"Projekt edukacyjny dla uczni\u00f3w klas 8 \u201eNobel dla ONZ\u201d"},"content":{"rendered":"<p align=\"left\"><img loading=\"lazy\" decoding=\"async\" class=\"wp-image-13340 aligncenter\" src=\"https:\/\/sp22.pl\/nowa\/wp-content\/uploads\/2025\/12\/001-nprcz-belka-men-kolor-rgb-300x37.jpg\" alt=\"\" width=\"957\" height=\"118\" srcset=\"https:\/\/sp22.pl\/nowa\/wp-content\/uploads\/2025\/12\/001-nprcz-belka-men-kolor-rgb-300x37.jpg 300w, https:\/\/sp22.pl\/nowa\/wp-content\/uploads\/2025\/12\/001-nprcz-belka-men-kolor-rgb-1024x127.jpg 1024w, https:\/\/sp22.pl\/nowa\/wp-content\/uploads\/2025\/12\/001-nprcz-belka-men-kolor-rgb-768x95.jpg 768w, https:\/\/sp22.pl\/nowa\/wp-content\/uploads\/2025\/12\/001-nprcz-belka-men-kolor-rgb-1536x190.jpg 1536w, https:\/\/sp22.pl\/nowa\/wp-content\/uploads\/2025\/12\/001-nprcz-belka-men-kolor-rgb.jpg 2000w\" sizes=\"auto, (max-width: 957px) 100vw, 957px\" \/><\/p>\n<p class=\"western\" align=\"left\"><span style=\"font-family: Arial, sans-serif; color: #000000;\"><span style=\"font-size: medium;\">W dniach 20-22 maja w bibliotece szkolnej odby\u0142y si\u0119 lekcje \u201eNobel dla ONZ\u201d w ramach realizacji Narodowego Programu Rozwoju Czytelnictwa 2.0. Klasy \u00f3sme mia\u0142y mo\u017cliwo\u015b\u0107 zapoznania si\u0119 z \u017cyciorysem Alfreda Nobla, histori\u0105 stworzenia przez niego fundacji, polskimi noblistami oraz osobami i agendami zwi\u0105zanymi z Organizacj\u0105 Narod\u00f3w Zjednoczonych nagrodzonymi Nagrod\u0105 Nobla.<\/span><\/span><\/p>\n<p class=\"western\" align=\"left\"><span style=\"font-family: Arial, sans-serif; color: #000000;\"><span style=\"font-size: medium;\">Wa\u017cnym elementem zaj\u0119\u0107 by\u0142 pokaz filmu edukacyjnego. Wyk\u0142ad przygotowany przy u\u017cyciu sztucznej inteligencji (AI) wzbogacono o unikalne zdj\u0119cia archiwalne. Po seansie Uczniowie przyst\u0105pili do rywalizacji intelektualnej. Ich zadaniem by\u0142o rozwi\u0105zanie krzy\u017c\u00f3wki. Aby odnale\u017a\u0107 prawid\u0142owe has\u0142a, m\u0142odzie\u017c musia\u0142a wykaza\u0107 si\u0119 umiej\u0119tno\u015bci\u0105 wyszukiwania informacji w internecie oraz w literaturze dost\u0119pnej na p\u00f3\u0142kach naszej szkolnej biblioteki.<\/span><\/span><\/p>\n<p class=\"western\" align=\"left\"><span style=\"font-family: Arial, sans-serif; color: #000000;\"><span style=\"font-size: medium;\">Dzi\u0119kujemy \u00f3smoklasistom za zaanga\u017cowanie i aktywny udzia\u0142 w zaj\u0119ciach!<\/span><\/span><\/p>\n<p><em><span style=\"color: #000000;\">Opracowanie materia\u0142u: Pawe\u0142 \u015amiga\u0142a<\/span><\/em><\/p>\nngg_shortcode_0_placeholder\n","protected":false},"excerpt":{"rendered":"<p>&#46;&#46;&#46;<\/p>\n","protected":false},"author":8,"featured_media":14702,"comment_status":"open","ping_status":"open","sticky":false,"template":"","format":"standard","meta":{"ngg_post_thumbnail":0,"footnotes":""},"categories":[1],"tags":[],"class_list":["post-14700","post","type-post","status-publish","format-standard","has-post-thumbnail","hentry","category-wiadomosci"],"_links":{"self":[{"href":"https:\/\/sp22.pl\/nowa\/index.php\/wp-json\/wp\/v2\/posts\/14700","targetHints":{"allow":["GET"]}}],"collection":[{"href":"https:\/\/sp22.pl\/nowa\/index.php\/wp-json\/wp\/v2\/posts"}],"about":[{"href":"https:\/\/sp22.pl\/nowa\/index.php\/wp-json\/wp\/v2\/types\/post"}],"author":[{"embeddable":true,"href":"https:\/\/sp22.pl\/nowa\/index.php\/wp-json\/wp\/v2\/users\/8"}],"replies":[{"embeddable":true,"href":"https:\/\/sp22.pl\/nowa\/index.php\/wp-json\/wp\/v2\/comments?post=14700"}],"version-history":[{"count":3,"href":"https:\/\/sp22.pl\/nowa\/index.php\/wp-json\/wp\/v2\/posts\/14700\/revisions"}],"predecessor-version":[{"id":14704,"href":"https:\/\/sp22.pl\/nowa\/index.php\/wp-json\/wp\/v2\/posts\/14700\/revisions\/14704"}],"wp:featuredmedia":[{"embeddable":true,"href":"https:\/\/sp22.pl\/nowa\/index.php\/wp-json\/wp\/v2\/media\/14702"}],"wp:attachment":[{"href":"https:\/\/sp22.pl\/nowa\/index.php\/wp-json\/wp\/v2\/media?parent=14700"}],"wp:term":[{"taxonomy":"category","embeddable":true,"href":"https:\/\/sp22.pl\/nowa\/index.php\/wp-json\/wp\/v2\/categories?post=14700"},{"taxonomy":"post_tag","embeddable":true,"href":"https:\/\/sp22.pl\/nowa\/index.php\/wp-json\/wp\/v2\/tags?post=14700"}],"curies":[{"name":"wp","href":"https:\/\/api.w.org\/{rel}","templated":true}]}}