{"id":14663,"date":"2026-05-22T13:09:42","date_gmt":"2026-05-22T11:09:42","guid":{"rendered":"https:\/\/sp22.pl\/nowa\/?p=14663"},"modified":"2026-05-22T13:14:24","modified_gmt":"2026-05-22T11:14:24","slug":"swietujemy-xxiii-ogolnopolski-tydzien-bibliotek","status":"publish","type":"post","link":"https:\/\/sp22.pl\/nowa\/index.php\/2026\/05\/22\/swietujemy-xxiii-ogolnopolski-tydzien-bibliotek\/","title":{"rendered":"\u015awi\u0119tujemy XXIII Og\u00f3lnopolski Tydzie\u0144 Bibliotek"},"content":{"rendered":"<p><img loading=\"lazy\" decoding=\"async\" class=\"wp-image-13340 aligncenter\" src=\"https:\/\/sp22.pl\/nowa\/wp-content\/uploads\/2025\/12\/001-nprcz-belka-men-kolor-rgb-300x37.jpg\" alt=\"\" width=\"965\" height=\"119\" srcset=\"https:\/\/sp22.pl\/nowa\/wp-content\/uploads\/2025\/12\/001-nprcz-belka-men-kolor-rgb-300x37.jpg 300w, https:\/\/sp22.pl\/nowa\/wp-content\/uploads\/2025\/12\/001-nprcz-belka-men-kolor-rgb-1024x127.jpg 1024w, https:\/\/sp22.pl\/nowa\/wp-content\/uploads\/2025\/12\/001-nprcz-belka-men-kolor-rgb-768x95.jpg 768w, https:\/\/sp22.pl\/nowa\/wp-content\/uploads\/2025\/12\/001-nprcz-belka-men-kolor-rgb-1536x190.jpg 1536w, https:\/\/sp22.pl\/nowa\/wp-content\/uploads\/2025\/12\/001-nprcz-belka-men-kolor-rgb.jpg 2000w\" sizes=\"auto, (max-width: 965px) 100vw, 965px\" \/><\/p>\n<p><span style=\"font-family: Arial, sans-serif; color: #000000;\"><span style=\"font-size: medium;\">W trakcie Og\u00f3lnopolskiego Tygodnia Bibliotek nasza szkolna biblioteka zamieni\u0142a si\u0119 w miejsce pe\u0142ne dobrej zabawy, kreatywno\u015bci oraz literackich wyzwa\u0144. Uczniowie mogli wzi\u0105\u0107 udzia\u0142 w dw\u00f3ch ca\u0142odniowych akcjach: \u201ePlansz\u00f3wki w bibliotece\u201d oraz \u201eHogwartowy challenge\u201d.<\/span><\/span><\/p>\n<p><span style=\"font-family: Arial, sans-serif; color: #000000;\"><span style=\"font-size: medium;\">Podczas wydarzenia \u201ePlansz\u00f3wki w bibliotece\u201d (15 maja &#8211; pi\u0105tek) Uczniowie sp\u0119dzali przerwy przy r\u00f3\u017cnorodnych grach planszowych. Nie zabrak\u0142o emocjonuj\u0105cych rozgrywek, zdrowej rywalizacji i doskona\u0142ej zabawy. Du\u017cym zainteresowaniem cieszy\u0142a si\u0119 gra \u201eMonopoly P\u0142ock\u201d, \u201eJenga\u201d, bierki, warcaby oraz budowanie z puzzli tras dla ozobot\u00f3w. Uczniowie wykazywali si\u0119 pomys\u0142owo\u015bci\u0105, wsp\u00f3\u0142prac\u0105 i kreatywnym my\u015bleniem, tworz\u0105c coraz bardziej skomplikowane i ciekawe trasy dla ma\u0142ych robot\u00f3w. Zestawy puzzli dla szkolnej biblioteki zosta\u0142y zakupione przez Rad\u0119 Rodzic\u00f3w i dzi\u0119ki temu Uczniowie poznaj\u0105 podstawy programowania, rozwijaj\u0105 wyobra\u017ani\u0119, a tak\u017ce \u0107wicz\u0105 zdolno\u015bci manipulacyjne d\u0142oni.<\/span><\/span><\/p>\n<p><span style=\"color: #000000;\"><span style=\"font-family: Arial, sans-serif;\"><span style=\"font-size: medium;\">Drugim wydarzeniem by\u0142 \u201eHogwartowy challenge\u201d (19 maja \u2013 wtorek), inspirowany seri\u0105 ksi\u0105\u017cek o Harrym Potterze autorstwa <\/span><\/span><span style=\"font-family: Arial, sans-serif;\"><span style=\"font-size: medium;\">J.K. Rowling<\/span><\/span><span style=\"font-family: Arial, sans-serif;\"><span style=\"font-size: medium;\">. Uczestnicy mierzyli si\u0119 z r\u00f3\u017cnorodnymi zadaniami zwi\u0105zanymi z magicznym \u015bwiatem Hogwartu \u2013 sprawdzali swoj\u0105 znajomo\u015b\u0107 ksi\u0105\u017cek podczas rozwi\u0105zywania quiz\u00f3w przygotowanych przez innych Uczni\u00f3w oraz wykonywali tematyczne wyzwania. Na ch\u0119tnych czeka\u0142a Tiara Przydzia\u0142u, test wiedzy z zakl\u0119\u0107, wr\u00f3\u017cby z fus\u00f3w oraz przygotowana przez uczennic\u0119 z klasy 5d Emili\u0119 K\u0142osi\u0144sk\u0105 specjalna hogwartowa gazetka. Wydarzeniu towarzyszy\u0142 r\u00f3wnie\u017c konkurs na najciekawsze przebranie inspirowane bohaterami serii. Uczniowie zachwycili pomys\u0142owo\u015bci\u0105 i zaanga\u017cowaniem, prezentuj\u0105c stroje znanych czarodziej\u00f3w i postaci ze \u015bwiata magii. Nagrody w konkursie \u2013 karty podarunkowe Empik dla trojga zwyci\u0119zc\u00f3w &#8211; Julii K\u0142udczy\u0144skiej z kl. 2a, Stanis\u0142awa Milke z kl. 4a oraz Mai W\u0142udarskiej z kl. 6e &#8211; ufundowa\u0142a Rada Rodzic\u00f3w. <\/span><\/span><\/span><\/p>\n<p><span style=\"font-family: Arial, sans-serif; color: #000000;\"><span style=\"font-size: medium;\">Oba wydarzenia by\u0142y doskona\u0142\u0105 okazj\u0105 do integracji, wsp\u00f3lnego sp\u0119dzania w bibliotece przerw mi\u0119dzylekcyjnych oraz rozwijania zainteresowa\u0144 Uczni\u00f3w. W przygotowaniu wydarzenia, obok bibliotekarzy, udzia\u0142 wzi\u0119li Cz\u0142onkowie ko\u0142a bibliotecznego Zabookowani oraz Wolontariusze: Kacper Pi\u00f3rkowski z kl. 7b oraz Igor Go\u015bciniak i Micha\u0142 D\u0119bowski z kl. 7c.<\/span><\/span><\/p>\n<p><span style=\"font-family: Arial, sans-serif; color: #000000;\"><span style=\"font-size: medium;\">Dzi\u0119kujemy wszystkim za wsp\u00f3ln\u0105 zabaw\u0119.<\/span><\/span><\/p>\n<p><span style=\"color: #000000;\"><em><span style=\"font-family: Arial, sans-serif;\"><span style=\"font-size: medium;\">Opracowanie materia\u0142u: Renata Piliczewska<\/span><\/span><\/em><\/span><\/p>\nngg_shortcode_0_placeholder\n","protected":false},"excerpt":{"rendered":"<p>&#46;&#46;&#46;<\/p>\n","protected":false},"author":8,"featured_media":14665,"comment_status":"open","ping_status":"open","sticky":false,"template":"","format":"standard","meta":{"ngg_post_thumbnail":0,"footnotes":""},"categories":[1],"tags":[],"class_list":["post-14663","post","type-post","status-publish","format-standard","has-post-thumbnail","hentry","category-wiadomosci"],"_links":{"self":[{"href":"https:\/\/sp22.pl\/nowa\/index.php\/wp-json\/wp\/v2\/posts\/14663","targetHints":{"allow":["GET"]}}],"collection":[{"href":"https:\/\/sp22.pl\/nowa\/index.php\/wp-json\/wp\/v2\/posts"}],"about":[{"href":"https:\/\/sp22.pl\/nowa\/index.php\/wp-json\/wp\/v2\/types\/post"}],"author":[{"embeddable":true,"href":"https:\/\/sp22.pl\/nowa\/index.php\/wp-json\/wp\/v2\/users\/8"}],"replies":[{"embeddable":true,"href":"https:\/\/sp22.pl\/nowa\/index.php\/wp-json\/wp\/v2\/comments?post=14663"}],"version-history":[{"count":2,"href":"https:\/\/sp22.pl\/nowa\/index.php\/wp-json\/wp\/v2\/posts\/14663\/revisions"}],"predecessor-version":[{"id":14668,"href":"https:\/\/sp22.pl\/nowa\/index.php\/wp-json\/wp\/v2\/posts\/14663\/revisions\/14668"}],"wp:featuredmedia":[{"embeddable":true,"href":"https:\/\/sp22.pl\/nowa\/index.php\/wp-json\/wp\/v2\/media\/14665"}],"wp:attachment":[{"href":"https:\/\/sp22.pl\/nowa\/index.php\/wp-json\/wp\/v2\/media?parent=14663"}],"wp:term":[{"taxonomy":"category","embeddable":true,"href":"https:\/\/sp22.pl\/nowa\/index.php\/wp-json\/wp\/v2\/categories?post=14663"},{"taxonomy":"post_tag","embeddable":true,"href":"https:\/\/sp22.pl\/nowa\/index.php\/wp-json\/wp\/v2\/tags?post=14663"}],"curies":[{"name":"wp","href":"https:\/\/api.w.org\/{rel}","templated":true}]}}