{"id":14606,"date":"2026-05-08T16:15:45","date_gmt":"2026-05-08T14:15:45","guid":{"rendered":"https:\/\/sp22.pl\/nowa\/?p=14606"},"modified":"2026-05-28T16:24:21","modified_gmt":"2026-05-28T14:24:21","slug":"szkolne-obchody-dnia-ziemi","status":"publish","type":"post","link":"https:\/\/sp22.pl\/nowa\/index.php\/2026\/05\/08\/szkolne-obchody-dnia-ziemi\/","title":{"rendered":"Szkolne obchody Dnia Ziemi"},"content":{"rendered":"<p class=\"western\"><span style=\"font-family: Arial, sans-serif; color: #000000;\"><span style=\"font-size: medium;\">Tegoroczna szkolna akcja zorganizowana z okazji Dnia Ziemi mia\u0142a charakter edukacyjno-praktyczny i by\u0142a skierowana do Uczni\u00f3w klas 1-3. Jej g\u0142\u00f3wnym celem sta\u0142o si\u0119 kszta\u0142towanie postaw proekologicznych oraz uwra\u017cliwienie Dzieci na potrzeb\u0119 dbania o najbli\u017csze otoczenie.<\/span><\/span><\/p>\n<p class=\"western\"><span style=\"font-family: Arial, sans-serif; color: #000000;\"><span style=\"font-size: medium;\">W pierwszym etapie Uczniowie przygotowali plakaty. Prace by\u0142y kolorowe, kreatywne i zawiera\u0142y has\u0142a zach\u0119caj\u0105ce do odpowiedzialnych zachowa\u0144, takich jak sprz\u0105tanie po swoim psie, troska o przyrod\u0119 czy unikanie deptania zieleni. Dzieci wykaza\u0142y si\u0119 du\u017cym zaanga\u017cowaniem i z pomys\u0142owo\u015bci\u0105, \u0142\u0105cz\u0105c rysunki z prostymi, ale bardzo wymownymi komunikatami. <\/span><\/span><\/p>\n<p class=\"western\"><span style=\"font-family: Arial, sans-serif; color: #000000;\"><span style=\"font-size: medium;\">Kolejnym etapem by\u0142o dzia\u0142anie w terenie. Uczniowie klasy 2f, wraz z wychowawc\u0105, udali si\u0119 na przyszkolne tereny zielone, gdzie montowali wcze\u015bniej przygotowane plakaty. Umieszczali je w widocznych miejscach- przy chodnikach, na trawnikach&#8230;, tak, aby mog\u0142y przypomina\u0107 wszystkim o zasadach dbania o \u015brodowisko.<\/span><\/span><\/p>\n<p class=\"western\"><span style=\"font-family: Arial, sans-serif; color: #000000;\"><span style=\"font-size: medium;\">Akcja nie tylko pozwoli\u0142a Dzieciom wyrazi\u0107 swoje stanowisko dotycz\u0105ce ekologii, ale r\u00f3wnie\u017c da\u0142a Im poczucie realnego wp\u0142ywu na kondycj\u0119 najbli\u017cszego \u015brodowiska. <\/span><\/span><\/p>\n<p class=\"western\"><em><span style=\"font-family: Arial, sans-serif; color: #000000;\"><span style=\"font-size: medium;\">Opracowanie materia\u0142u: Anna Dymek<\/span><\/span><\/em><\/p>\nngg_shortcode_0_placeholder\n","protected":false},"excerpt":{"rendered":"<p>&#46;&#46;&#46;<\/p>\n","protected":false},"author":8,"featured_media":14615,"comment_status":"open","ping_status":"open","sticky":false,"template":"","format":"standard","meta":{"ngg_post_thumbnail":0,"footnotes":""},"categories":[1],"tags":[],"class_list":["post-14606","post","type-post","status-publish","format-standard","has-post-thumbnail","hentry","category-wiadomosci"],"_links":{"self":[{"href":"https:\/\/sp22.pl\/nowa\/index.php\/wp-json\/wp\/v2\/posts\/14606","targetHints":{"allow":["GET"]}}],"collection":[{"href":"https:\/\/sp22.pl\/nowa\/index.php\/wp-json\/wp\/v2\/posts"}],"about":[{"href":"https:\/\/sp22.pl\/nowa\/index.php\/wp-json\/wp\/v2\/types\/post"}],"author":[{"embeddable":true,"href":"https:\/\/sp22.pl\/nowa\/index.php\/wp-json\/wp\/v2\/users\/8"}],"replies":[{"embeddable":true,"href":"https:\/\/sp22.pl\/nowa\/index.php\/wp-json\/wp\/v2\/comments?post=14606"}],"version-history":[{"count":3,"href":"https:\/\/sp22.pl\/nowa\/index.php\/wp-json\/wp\/v2\/posts\/14606\/revisions"}],"predecessor-version":[{"id":14617,"href":"https:\/\/sp22.pl\/nowa\/index.php\/wp-json\/wp\/v2\/posts\/14606\/revisions\/14617"}],"wp:featuredmedia":[{"embeddable":true,"href":"https:\/\/sp22.pl\/nowa\/index.php\/wp-json\/wp\/v2\/media\/14615"}],"wp:attachment":[{"href":"https:\/\/sp22.pl\/nowa\/index.php\/wp-json\/wp\/v2\/media?parent=14606"}],"wp:term":[{"taxonomy":"category","embeddable":true,"href":"https:\/\/sp22.pl\/nowa\/index.php\/wp-json\/wp\/v2\/categories?post=14606"},{"taxonomy":"post_tag","embeddable":true,"href":"https:\/\/sp22.pl\/nowa\/index.php\/wp-json\/wp\/v2\/tags?post=14606"}],"curies":[{"name":"wp","href":"https:\/\/api.w.org\/{rel}","templated":true}]}}