{"id":14590,"date":"2026-05-20T19:34:32","date_gmt":"2026-05-20T17:34:32","guid":{"rendered":"https:\/\/sp22.pl\/nowa\/?p=14590"},"modified":"2026-05-20T19:39:40","modified_gmt":"2026-05-20T17:39:40","slug":"pieknie-byc-czlowiekiem-sukces-ani-i-zosi","status":"publish","type":"post","link":"https:\/\/sp22.pl\/nowa\/index.php\/2026\/05\/20\/pieknie-byc-czlowiekiem-sukces-ani-i-zosi\/","title":{"rendered":"Sukces Ani i Zosi w konkursie recytatorskim &#8222;Pi\u0119knie by\u0107 cz\u0142owiekiem&#8221;"},"content":{"rendered":"<p><span style=\"color: #000000;\"><em><span style=\"font-family: Arial, sans-serif;\"><span style=\"font-size: medium;\">\u015awiat nie jest taki z\u0142y, czyli codzienno\u015b\u0107 z u\u015bmiechem. <\/span><\/span><\/em><span style=\"font-family: Arial, sans-serif;\"><span style=\"font-size: medium;\">Pod takim has\u0142em odby\u0142a si\u0119 <\/span><\/span><span style=\"font-family: Arial, sans-serif;\"><span style=\"font-size: medium;\">XLVII edycja konkursu recytatorskiego organizowanego przez Ksi\u0105\u017cnic\u0119 P\u0142ock\u0105. W eliminacjach rejonowych, kt\u00f3re odby\u0142y si\u0119 16 maja w M\u0142odzie\u017cowym Domu Kultury przy ulicy Tumskiej, udzia\u0142 wzi\u0119\u0142y dwie Uczennice naszej szko\u0142y: Ania Malik z klasy 5e i Zosia \u017burek z klasy 4s. Umiej\u0119tno\u015bci recytatorskie to nie lada wyzwanie. Nale\u017cy wykaza\u0107 si\u0119 nie tylko wyra\u017an\u0105 i wyrazist\u0105 dykcj\u0105, ale r\u00f3wnie\u017c nietuzinkow\u0105, przemy\u015blan\u0105 interpretacj\u0105 i umiej\u0119tno\u015bci\u0105 radzenia sobie z trem\u0105. Nasze reprezentantki zda\u0142y ten egzamin na sz\u00f3stk\u0119 z plusem. W kategorii uczni\u00f3w klas IV-VI pierwsze miejsce zdoby\u0142a Ania, Zosia uplasowa\u0142a si\u0119 tu\u017c, tu\u017c za kole\u017cank\u0105, na drugiej pozycji. To spektakularne osi\u0105gni\u0119cie. W recytowanych przez siebie wierszach Uczennice chcia\u0142y pokaza\u0107 cz\u0142onkom jury i zgromadzonej publiczno\u015bci, \u017ce powinni\u015bmy odkrywa\u0107 w zwyczajnych chwilach co\u015b niezwyk\u0142ego, bo codzienno\u015b\u0107 potrafi by\u0107 pi\u0119kna, zabawna i pe\u0142na inspiracji. W etapie rejonowym, kt\u00f3ry odb\u0119dzie si\u0119 16 czerwca, reprezentowa\u0107 nas b\u0119dzie Ania Malik. Trzymamy kciuki!<\/span><\/span><\/span><\/p>\n<p><em><span style=\"font-family: Arial, sans-serif; color: #000000;\"><span style=\"font-size: medium;\">Opracowanie materia\u0142u: Edyta Rejmer<\/span><\/span><\/em><\/p>\nngg_shortcode_0_placeholder\n","protected":false},"excerpt":{"rendered":"<p>&#46;&#46;&#46;<\/p>\n","protected":false},"author":8,"featured_media":14598,"comment_status":"open","ping_status":"open","sticky":false,"template":"","format":"standard","meta":{"ngg_post_thumbnail":0,"footnotes":""},"categories":[1],"tags":[],"class_list":["post-14590","post","type-post","status-publish","format-standard","has-post-thumbnail","hentry","category-wiadomosci"],"_links":{"self":[{"href":"https:\/\/sp22.pl\/nowa\/index.php\/wp-json\/wp\/v2\/posts\/14590","targetHints":{"allow":["GET"]}}],"collection":[{"href":"https:\/\/sp22.pl\/nowa\/index.php\/wp-json\/wp\/v2\/posts"}],"about":[{"href":"https:\/\/sp22.pl\/nowa\/index.php\/wp-json\/wp\/v2\/types\/post"}],"author":[{"embeddable":true,"href":"https:\/\/sp22.pl\/nowa\/index.php\/wp-json\/wp\/v2\/users\/8"}],"replies":[{"embeddable":true,"href":"https:\/\/sp22.pl\/nowa\/index.php\/wp-json\/wp\/v2\/comments?post=14590"}],"version-history":[{"count":4,"href":"https:\/\/sp22.pl\/nowa\/index.php\/wp-json\/wp\/v2\/posts\/14590\/revisions"}],"predecessor-version":[{"id":14600,"href":"https:\/\/sp22.pl\/nowa\/index.php\/wp-json\/wp\/v2\/posts\/14590\/revisions\/14600"}],"wp:featuredmedia":[{"embeddable":true,"href":"https:\/\/sp22.pl\/nowa\/index.php\/wp-json\/wp\/v2\/media\/14598"}],"wp:attachment":[{"href":"https:\/\/sp22.pl\/nowa\/index.php\/wp-json\/wp\/v2\/media?parent=14590"}],"wp:term":[{"taxonomy":"category","embeddable":true,"href":"https:\/\/sp22.pl\/nowa\/index.php\/wp-json\/wp\/v2\/categories?post=14590"},{"taxonomy":"post_tag","embeddable":true,"href":"https:\/\/sp22.pl\/nowa\/index.php\/wp-json\/wp\/v2\/tags?post=14590"}],"curies":[{"name":"wp","href":"https:\/\/api.w.org\/{rel}","templated":true}]}}