{"id":14566,"date":"2026-05-15T17:19:39","date_gmt":"2026-05-15T15:19:39","guid":{"rendered":"https:\/\/sp22.pl\/nowa\/?p=14566"},"modified":"2026-05-15T17:21:47","modified_gmt":"2026-05-15T15:21:47","slug":"wyjatkowe-spotkanie-z-jego-ekscelencja-wizyta-ksiedza-biskupa","status":"publish","type":"post","link":"https:\/\/sp22.pl\/nowa\/index.php\/2026\/05\/15\/wyjatkowe-spotkanie-z-jego-ekscelencja-wizyta-ksiedza-biskupa\/","title":{"rendered":"Wyj\u0105tkowe spotkanie z Jego Ekscelencj\u0105 \u2013 wizyta Ksi\u0119dza Biskupa"},"content":{"rendered":"<p><span style=\"font-family: Arial, sans-serif; color: #000000;\"><span style=\"font-size: medium;\">Dnia 23 kwietnia 2026 roku w naszej szkole mia\u0142o miejsce wyj\u0105tkowe wydarzenie, w ramach wizytacji kanonicznej Parafii \u015awi\u0119tego Wojciecha w P\u0142ocku, odwiedzi\u0142 nas Ksi\u0105dz Biskup Miros\u0142aw Milewski w towarzystwie Sekretarza ks. Jakuba K\u0119pczy\u0144skiego. <\/span><span style=\"font-size: medium;\">Na spotkanie przybyli tak\u017ce Proboszcz parafii \u015bw. Wojciecha \u2013 <\/span><span style=\"font-size: medium;\">ks. kan. dr Jerzy \u0141awicki oraz wikariusz parafii \u2013 ks. Piotr Szulc.<\/span><\/span><\/p>\n<p><span style=\"font-family: Arial, sans-serif; color: #000000;\"><span style=\"font-size: medium;\">W imieniu ca\u0142ej spo\u0142eczno\u015bci szkolnej dostojnego go\u015bcia powita\u0142a Dyrekcja Szko\u0142y: p. Marlena B\u0142achowicz, p. Monika Przemy\u0142ska, p. Iwona Ko\u0142odziejska oraz Przewodnicz\u0105cy Rady Rodzic\u00f3w p. Przemys\u0142aw Zieli\u0144ski. Po cz\u0119\u015bci oficjalnej Jego Ekscelencja wraz z towarzysz\u0105cymi Mu go\u015b\u0107mi spotka\u0142 si\u0119 na kr\u00f3tkiej rozmowie w gabinecie p. Dyrektor, aby dowiedzie\u0107 si\u0119, jak funkcjonuje szko\u0142a oraz pozna\u0107 jej spo\u0142eczno\u015b\u0107. <\/span><\/span><\/p>\n<p><span style=\"font-family: Arial, sans-serif; color: #000000;\"><span style=\"font-size: medium;\">Ksi\u0105dz Biskup znalaz\u0142 czas, aby odwiedzi\u0107 jedn\u0105 z klas pierwszych podczas lekcji religii, kt\u00f3r\u0105 prowadzi\u0142a katechetka p. Edyta Wo\u017aniak. Spotkanie przebieg\u0142o w mi\u0142ej i serdecznej atmosferze. Jego Ekscelencja wr\u0119czy\u0142 dzieciom z klasy 1b pami\u0105tkowe obrazki. <\/span><\/span><\/p>\n<p><em><span style=\"font-family: Arial, sans-serif; color: #000000;\"><span style=\"font-size: medium;\">Opracowanie materia\u0142u: Edyta Wo\u017aniak<\/span><\/span><\/em><\/p>\nngg_shortcode_0_placeholder\n","protected":false},"excerpt":{"rendered":"<p>&#46;&#46;&#46;<\/p>\n","protected":false},"author":8,"featured_media":14567,"comment_status":"open","ping_status":"open","sticky":false,"template":"","format":"standard","meta":{"ngg_post_thumbnail":0,"footnotes":""},"categories":[1],"tags":[],"class_list":["post-14566","post","type-post","status-publish","format-standard","has-post-thumbnail","hentry","category-wiadomosci"],"_links":{"self":[{"href":"https:\/\/sp22.pl\/nowa\/index.php\/wp-json\/wp\/v2\/posts\/14566","targetHints":{"allow":["GET"]}}],"collection":[{"href":"https:\/\/sp22.pl\/nowa\/index.php\/wp-json\/wp\/v2\/posts"}],"about":[{"href":"https:\/\/sp22.pl\/nowa\/index.php\/wp-json\/wp\/v2\/types\/post"}],"author":[{"embeddable":true,"href":"https:\/\/sp22.pl\/nowa\/index.php\/wp-json\/wp\/v2\/users\/8"}],"replies":[{"embeddable":true,"href":"https:\/\/sp22.pl\/nowa\/index.php\/wp-json\/wp\/v2\/comments?post=14566"}],"version-history":[{"count":1,"href":"https:\/\/sp22.pl\/nowa\/index.php\/wp-json\/wp\/v2\/posts\/14566\/revisions"}],"predecessor-version":[{"id":14568,"href":"https:\/\/sp22.pl\/nowa\/index.php\/wp-json\/wp\/v2\/posts\/14566\/revisions\/14568"}],"wp:featuredmedia":[{"embeddable":true,"href":"https:\/\/sp22.pl\/nowa\/index.php\/wp-json\/wp\/v2\/media\/14567"}],"wp:attachment":[{"href":"https:\/\/sp22.pl\/nowa\/index.php\/wp-json\/wp\/v2\/media?parent=14566"}],"wp:term":[{"taxonomy":"category","embeddable":true,"href":"https:\/\/sp22.pl\/nowa\/index.php\/wp-json\/wp\/v2\/categories?post=14566"},{"taxonomy":"post_tag","embeddable":true,"href":"https:\/\/sp22.pl\/nowa\/index.php\/wp-json\/wp\/v2\/tags?post=14566"}],"curies":[{"name":"wp","href":"https:\/\/api.w.org\/{rel}","templated":true}]}}