{"id":14531,"date":"2026-05-15T07:42:02","date_gmt":"2026-05-15T05:42:02","guid":{"rendered":"https:\/\/sp22.pl\/nowa\/?p=14531"},"modified":"2026-05-21T08:10:58","modified_gmt":"2026-05-21T06:10:58","slug":"wyniki-miedzyszkolnej-ligi-przedmiotowej","status":"publish","type":"post","link":"https:\/\/sp22.pl\/nowa\/index.php\/2026\/05\/15\/wyniki-miedzyszkolnej-ligi-przedmiotowej\/","title":{"rendered":"Wyniki Mi\u0119dzyszkolnej Ligi Przedmiotowej"},"content":{"rendered":"<p><span style=\"font-family: Arial, sans-serif; color: #000000;\">Z ogromn\u0105 rado\u015bci\u0105 informujemy, \u017ce uczniowie Szko\u0142y Podstawowej nr 22 w P\u0142ocku osi\u0105gn\u0119li wysokie wyniki w XXX edycji Mi\u0119dzyszkolnej Ligi Przedmiotowej 2026.<\/span><\/p>\n<p><span style=\"color: #000000;\"><span style=\"font-family: Arial, sans-serif;\"><span style=\"font-size: medium;\">W kategorii edukacji matematycznej dla klas III Witold Oziemblewski zdoby\u0142 III miejsce indywidualnie. Szko\u0142\u0119 reprezentowali r\u00f3wnie\u017c:<\/span><\/span><\/span><\/p>\n<ul>\n<li style=\"text-align: left;\"><span style=\"color: #000000;\"><span style=\"font-family: Arial, sans-serif;\"><span style=\"font-size: medium;\">Dorota Matusiak <\/span><\/span><\/span><\/li>\n<li style=\"text-align: left;\"><span style=\"color: #000000;\"><span style=\"font-family: Arial, sans-serif;\"><span style=\"font-size: medium;\">Szymon Sobczak<\/span><\/span><\/span><\/li>\n<\/ul>\n<p style=\"text-align: left;\"><span style=\"color: #000000;\"><span style=\"font-family: Arial, sans-serif;\"><span style=\"font-size: medium;\">W kategorii edukacji polonistycznej dla klas III reprezentantami Szko\u0142y Podstawowej nr 22 byli:<\/span><\/span><\/span><\/p>\n<ul>\n<li style=\"text-align: left;\"><span style=\"color: #000000;\"><span style=\"font-family: Arial, sans-serif;\"><span style=\"font-size: medium;\">Szymon Sobczak<\/span><\/span><\/span><\/li>\n<li style=\"text-align: left;\"><span style=\"color: #000000;\"><span style=\"font-family: Arial, sans-serif;\"><span style=\"font-size: medium;\">Dorota Matusiak <\/span><\/span><\/span><\/li>\n<li style=\"text-align: left;\"><span style=\"color: #000000;\"><span style=\"font-family: Arial, sans-serif;\"><span style=\"font-size: medium;\">Maria Krzykalska <\/span><\/span><\/span><\/li>\n<\/ul>\n<p><span style=\"font-family: Arial, sans-serif; color: #000000;\">W matematyce dla klas IV dru\u017cyna naszej szko\u0142y zdoby\u0142a I miejsce. W konkursie udzia\u0142 wzi\u0119li:<br \/>\n\u2022 Gabriel Kukowski<br \/>\n\u2022 Krzysztof Mielczarek<br \/>\n\u2022 Piotr Goleniewski<\/span><\/p>\n<p><span style=\"font-family: Arial, sans-serif; color: #000000;\">W matematyce dla klas VI ogromny sukces odni\u00f3s\u0142 Jan Dom\u017calski, kt\u00f3ry zdoby\u0142 I miejsce indywidualnie. Dru\u017cynowo uczniowie Szko\u0142y Podstawowej nr 22 zaj\u0119li r\u00f3wnie\u017c I miejsce. Szko\u0142\u0119 reprezentowali:<br \/>\n\u2022 Jan Dom\u017calski<br \/>\n\u2022 Piotr Sobiecki<br \/>\n\u2022 Kornelia Szwech<\/span><\/p>\n<p><span style=\"font-family: Arial, sans-serif; color: #000000;\">W kategorii matematyki dla klas VII dru\u017cyna naszej szko\u0142y wywalczy\u0142a I miejsce. W konkursie udzia\u0142 wzi\u0119li:<br \/>\n\u2022 Aleksander Szypszak<br \/>\n\u2022 Dominik Michalak<br \/>\n\u2022 Micha\u0142 D\u0105bkowski<\/span><\/p>\n<p><span style=\"font-family: Arial, sans-serif; color: #000000;\">W kategorii matematyki dla klas VIII Dominik Felczy\u0144ski zdoby\u0142 III miejsce indywidualnie, a dru\u017cyna naszej szko\u0142y zaj\u0119\u0142a I miejsce. Szko\u0142\u0119 reprezentowali:<br \/>\n\u2022 Dominik Felczy\u0144ski<br \/>\n\u2022 Wojciech Gawin<br \/>\n\u2022 Oktawian Zjawi\u0144ski<\/span><\/p>\n<p><span style=\"font-family: Arial, sans-serif; color: #000000;\">W kategorii j\u0119zyka polskiego dla klas VII sukces indywidualny odnios\u0142a Wiktoria Matusiak, zdobywaj\u0105c III miejsce. Dru\u017cynowo uczniowie naszej szko\u0142y zaj\u0119li II miejsce. Szko\u0142\u0119 reprezentowali:<br \/>\n\u2022 Wiktoria Matusiak<br \/>\n\u2022 Lena Makowska<br \/>\n\u2022 Kornelia Golis<\/span><\/p>\n<p><span style=\"font-family: Arial, sans-serif; color: #000000;\">W j\u0119zyku angielskim dla klas V dru\u017cyna Szko\u0142y Podstawowej nr 22 zdoby\u0142a I miejsce. Indywidualnie wysokie wyniki osi\u0105gn\u0119\u0142y:<br \/>\n\u2022 Oliwia Sza\u0142kiewicz \u2013 III miejsce<br \/>\n\u2022 Hanna Grabowska \u2013 III miejsce<\/span><\/p>\n<p><span style=\"font-family: Arial, sans-serif; color: #000000;\">Szko\u0142\u0119 reprezentowa\u0142 r\u00f3wnie\u017c:<br \/>\n\u2022 Maksymilian Suli\u0144ski<\/span><\/p>\n<p><span style=\"font-family: Arial, sans-serif; color: #000000;\">W kategorii j\u0119zyka angielskiego dla klas VI uczniowie naszej szko\u0142y zdobyli II miejsce dru\u017cynowo. W konkursie udzia\u0142 wzi\u0119li:<br \/>\n\u2022 Jan Dom\u017calski<br \/>\n\u2022 Kaja \u0141ojek<br \/>\n\u2022 Ryszard Adamkowski<\/span><\/p>\n<p><span style=\"font-family: Arial, sans-serif; color: #000000;\">W j\u0119zyku angielskim dla klas VII uczniowie Szko\u0142y Podstawowej nr 22 zaj\u0119li II miejsce dru\u017cynowo. Szko\u0142\u0119 reprezentowali:<br \/>\n\u2022 Patryk S\u0142owikowski<br \/>\n\u2022 Lena Makowska<br \/>\n\u2022 Lena \u017beberkiewicz<\/span><\/p>\n<p><span style=\"font-family: Arial, sans-serif; color: #000000;\">W kategorii j\u0119zyka angielskiego dla klas VIII Zuzanna J\u0119drzejczak zdoby\u0142a III miejsce indywidualnie, a dru\u017cyna Szko\u0142y Podstawowej nr 22 wywalczy\u0142a I miejsce. Szko\u0142\u0119 reprezentowali:<br \/>\n\u2022 Zuzanna J\u0119drzejczak<br \/>\n\u2022 Jagoda Banaszewska<br \/>\n\u2022 Zofia \u0141awczy\u0144ska<\/span><\/p>\n<p><span style=\"font-family: Arial, sans-serif; color: #000000;\">Serdecznie gratulujemy wszystkim uczestnikom zaanga\u017cowania, wiedzy oraz wspania\u0142ych wynik\u00f3w. Laureatom \u017cyczymy dalszych sukces\u00f3w i rozwijania swoich pasji!<\/span><\/p>\n","protected":false},"excerpt":{"rendered":"<p>&#46;&#46;&#46;<\/p>\n","protected":false},"author":8,"featured_media":14533,"comment_status":"open","ping_status":"open","sticky":false,"template":"","format":"standard","meta":{"ngg_post_thumbnail":0,"footnotes":""},"categories":[1],"tags":[],"class_list":["post-14531","post","type-post","status-publish","format-standard","has-post-thumbnail","hentry","category-wiadomosci"],"_links":{"self":[{"href":"https:\/\/sp22.pl\/nowa\/index.php\/wp-json\/wp\/v2\/posts\/14531","targetHints":{"allow":["GET"]}}],"collection":[{"href":"https:\/\/sp22.pl\/nowa\/index.php\/wp-json\/wp\/v2\/posts"}],"about":[{"href":"https:\/\/sp22.pl\/nowa\/index.php\/wp-json\/wp\/v2\/types\/post"}],"author":[{"embeddable":true,"href":"https:\/\/sp22.pl\/nowa\/index.php\/wp-json\/wp\/v2\/users\/8"}],"replies":[{"embeddable":true,"href":"https:\/\/sp22.pl\/nowa\/index.php\/wp-json\/wp\/v2\/comments?post=14531"}],"version-history":[{"count":3,"href":"https:\/\/sp22.pl\/nowa\/index.php\/wp-json\/wp\/v2\/posts\/14531\/revisions"}],"predecessor-version":[{"id":14602,"href":"https:\/\/sp22.pl\/nowa\/index.php\/wp-json\/wp\/v2\/posts\/14531\/revisions\/14602"}],"wp:featuredmedia":[{"embeddable":true,"href":"https:\/\/sp22.pl\/nowa\/index.php\/wp-json\/wp\/v2\/media\/14533"}],"wp:attachment":[{"href":"https:\/\/sp22.pl\/nowa\/index.php\/wp-json\/wp\/v2\/media?parent=14531"}],"wp:term":[{"taxonomy":"category","embeddable":true,"href":"https:\/\/sp22.pl\/nowa\/index.php\/wp-json\/wp\/v2\/categories?post=14531"},{"taxonomy":"post_tag","embeddable":true,"href":"https:\/\/sp22.pl\/nowa\/index.php\/wp-json\/wp\/v2\/tags?post=14531"}],"curies":[{"name":"wp","href":"https:\/\/api.w.org\/{rel}","templated":true}]}}