{"id":14512,"date":"2026-05-15T10:04:19","date_gmt":"2026-05-15T08:04:19","guid":{"rendered":"https:\/\/sp22.pl\/nowa\/?p=14512"},"modified":"2026-05-18T16:34:29","modified_gmt":"2026-05-18T14:34:29","slug":"iii-konkurs-wiedzy-o-marii-sklodowskiej-curie","status":"publish","type":"post","link":"https:\/\/sp22.pl\/nowa\/index.php\/2026\/05\/15\/iii-konkurs-wiedzy-o-marii-sklodowskiej-curie\/","title":{"rendered":"Rozstrzygni\u0119cie III Konkursu Wiedzy o Marii Sk\u0142odowskiej-Curie"},"content":{"rendered":"<p lang=\"zxx\"><span style=\"color: #000000;\"><span style=\"font-family: Arial, sans-serif;\">1 kwietnia 2026 roku w naszej szkole odby\u0142 si\u0119 <\/span><span style=\"font-family: Arial, sans-serif;\">Konkurs Wiedzy o Marii Sk\u0142odowskiej-Curie<\/span><span style=\"font-family: Arial, sans-serif;\">, b\u0119d\u0105cy zwie\u0144czeniem projektu chemiczno-fizyczno-czytelniczego. W wydarzeniu wzi\u0119li udzia\u0142 uczniowie klas si\u00f3dmych, kt\u00f3rzy musieli wykaza\u0107 si\u0119 wiedz\u0105 na temat \u017cycia i pracy wybitnej polskiej noblistki.<\/span><\/span><\/p>\n<p lang=\"zxx\"><span style=\"font-family: Arial, sans-serif; color: #000000;\">Uczestnicy wykonywali r\u00f3\u017cnorodne zadania zwi\u0105zane z postaci\u0105 uczonej i jej osi\u0105gni\u0119ciami. Rozwi\u0105zywali karty pracy, krzy\u017c\u00f3wk\u0119 dotycz\u0105c\u0105 \u017cycia Marii Sk\u0142odowskiej-Curie, odpowiadali na pytania w quizie \u201eprawda\/fa\u0142sz\u201d, a tak\u017ce samodzielnie przeprowadzali do\u015bwiadczenie chemiczne \u201eT\u0119cza w prob\u00f3wce\u201d wed\u0142ug przygotowanej instrukcji.<\/span><\/p>\n<p lang=\"zxx\"><span style=\"font-family: Arial, sans-serif; color: #000000;\">Celem konkursu by\u0142o przybli\u017cenie uczniom postaci tej wybitnej uczonej oraz pokazanie, \u017ce dzi\u0119ki wytrwa\u0142o\u015bci, pracowito\u015bci i d\u0105\u017ceniu do wyznaczonych cel\u00f3w mo\u017cna osi\u0105gn\u0105\u0107 naprawd\u0119 wiele. <\/span><span style=\"font-family: Arial, sans-serif; color: #000000;\">Konkurs przebieg\u0142 w bardzo mi\u0142ej atmosferze i dostarczy\u0142 uczestnikom wielu pozytywnych emocji oraz okazji do rozwijania swoich zainteresowa\u0144 naukowych.<\/span><\/p>\n<p lang=\"zxx\"><span style=\"font-family: Arial, sans-serif; color: #000000;\">Uroczyste rozstrzygni\u0119cie konkursu nast\u0105pi\u0142o 29 kwietnia. Z r\u0105k Pani Wicedyrektor Moniki Przemy\u0142skiej oraz nauczycieli organizuj\u0105cych konkurs \u2013 Celiny Krysi\u0144skiej, nauczycielki fizyki, i Andrzeja J\u0119drzejczuka, nauczyciela chemii \u2013 wszyscy uczestnicy otrzymali pami\u0105tkowe, w\u0142asnor\u0119cznie wykonane przez organizator\u00f3w zak\u0142adki do ksi\u0105\u017cek o tematyce zwi\u0105zanej z Mari\u0105 Sk\u0142odowsk\u0105-Curie. Zdobywcy I i II miejsca otrzymali r\u00f3wnie\u017c dyplomy oraz nagrody ksi\u0105\u017ckowe, natomiast laureaci pierwszego miejsca dodatkowo edukacyjne zestawy do samodzielnego z\u0142o\u017cenia.<\/span><\/p>\n<p lang=\"zxx\"><span style=\"color: #000000;\">Serdecznie dzi\u0119kujemy Radzie Rodzic\u00f3w za zakup nagr\u00f3d dla laureat\u00f3w konkursu. Dzi\u0119ki Pa\u0144stwa wsparciu mogli\u015bmy sprawi\u0107 dzieciom wiele rado\u015bci i dodatkowo doceni\u0107 ich zaanga\u017cowanie oraz wysi\u0142ek.<\/span><\/p>\n<p lang=\"zxx\"><em><span style=\"color: #000000;\">Koordynatorzy konkursu: Celina Krysi\u0144ska, Andrzej J\u0119drzejczuk<\/span><\/em><\/p>\n<p lang=\"zxx\"><em><span style=\"color: #000000;\">Opracowanie materia\u0142u: Celina Krysi\u0144ska<\/span><\/em><\/p>\nngg_shortcode_0_placeholder\n","protected":false},"excerpt":{"rendered":"<p>&#46;&#46;&#46;<\/p>\n","protected":false},"author":8,"featured_media":14513,"comment_status":"open","ping_status":"open","sticky":false,"template":"","format":"standard","meta":{"ngg_post_thumbnail":0,"footnotes":""},"categories":[1],"tags":[],"class_list":["post-14512","post","type-post","status-publish","format-standard","has-post-thumbnail","hentry","category-wiadomosci"],"_links":{"self":[{"href":"https:\/\/sp22.pl\/nowa\/index.php\/wp-json\/wp\/v2\/posts\/14512","targetHints":{"allow":["GET"]}}],"collection":[{"href":"https:\/\/sp22.pl\/nowa\/index.php\/wp-json\/wp\/v2\/posts"}],"about":[{"href":"https:\/\/sp22.pl\/nowa\/index.php\/wp-json\/wp\/v2\/types\/post"}],"author":[{"embeddable":true,"href":"https:\/\/sp22.pl\/nowa\/index.php\/wp-json\/wp\/v2\/users\/8"}],"replies":[{"embeddable":true,"href":"https:\/\/sp22.pl\/nowa\/index.php\/wp-json\/wp\/v2\/comments?post=14512"}],"version-history":[{"count":8,"href":"https:\/\/sp22.pl\/nowa\/index.php\/wp-json\/wp\/v2\/posts\/14512\/revisions"}],"predecessor-version":[{"id":14580,"href":"https:\/\/sp22.pl\/nowa\/index.php\/wp-json\/wp\/v2\/posts\/14512\/revisions\/14580"}],"wp:featuredmedia":[{"embeddable":true,"href":"https:\/\/sp22.pl\/nowa\/index.php\/wp-json\/wp\/v2\/media\/14513"}],"wp:attachment":[{"href":"https:\/\/sp22.pl\/nowa\/index.php\/wp-json\/wp\/v2\/media?parent=14512"}],"wp:term":[{"taxonomy":"category","embeddable":true,"href":"https:\/\/sp22.pl\/nowa\/index.php\/wp-json\/wp\/v2\/categories?post=14512"},{"taxonomy":"post_tag","embeddable":true,"href":"https:\/\/sp22.pl\/nowa\/index.php\/wp-json\/wp\/v2\/tags?post=14512"}],"curies":[{"name":"wp","href":"https:\/\/api.w.org\/{rel}","templated":true}]}}