{"id":14504,"date":"2026-05-13T04:31:50","date_gmt":"2026-05-13T02:31:50","guid":{"rendered":"https:\/\/sp22.pl\/nowa\/?p=14504"},"modified":"2026-05-13T04:39:32","modified_gmt":"2026-05-13T02:39:32","slug":"warsztaty-dla-rodzicow-zapraszamy","status":"publish","type":"post","link":"https:\/\/sp22.pl\/nowa\/index.php\/2026\/05\/13\/warsztaty-dla-rodzicow-zapraszamy\/","title":{"rendered":"Warsztaty dla Rodzic\u00f3w &#8211; zapraszamy"},"content":{"rendered":"<p><span style=\"color: #000000;\"><strong>Szanowni Pa\u0144stwo, Rodzice i Opiekunowie<\/strong><\/span><\/p>\n<p><span style=\"color: #000000;\">Jako zesp\u00f3\u0142 pedagogiczny staramy si\u0119 nieustannie wspiera\u0107 Pa\u0144stwa w trudnym, ale i pi\u0119knym procesie wychowania. Z ogromn\u0105 przyjemno\u015bci\u0105 zapraszamy na wyj\u0105tkowe spotkanie warsztatowe, kt\u00f3re poprowadz\u0105&nbsp;<strong>specjalistki \/pedagog, psycholog\/ z Poradni Psychologiczno-Pedagogicznej nr 2 w P\u0142ocku<\/strong>.<\/span><\/p>\n<p><span style=\"color: #ff0000;\"><strong>Dlaczego warto wzi\u0105\u0107 udzia\u0142?<\/strong><\/span><\/p>\n<p><span style=\"color: #000000;\">Spotkanie b\u0119dzie okazj\u0105 do zdobycia praktycznej wiedzy i wymiany do\u015bwiadcze\u0144 pod okiem ekspert\u00f3w. W programie przewidzieli\u015bmy nast\u0119puj\u0105ce tematy:<\/span><\/p>\n<ul>\n<li><span style=\"color: #0000ff;\"><strong>Skuteczne metody wychowawcze:<\/strong>&nbsp;<\/span><span style=\"color: #000000;\">Dowiedz\u0105 si\u0119 Pa\u0144stwo, jak stawia\u0107 granice z szacunkiem i empati\u0105.<\/span><\/li>\n<li><span style=\"color: #0000ff;\"><strong>Budowanie poczucia w\u0142asnej warto\u015bci:<\/strong>&nbsp;<\/span><span style=\"color: #000000;\">Jak realnie wspiera\u0107 rozw\u00f3j emocjonalny ucznia.<\/span><\/li>\n<li><span style=\"color: #0000ff;\"><strong>Komunikacja bez barier:<\/strong>&nbsp;<\/span><span style=\"color: #000000;\">Poznamy techniki aktywnego s\u0142uchania i sposoby na rozwi\u0105zywanie konflikt\u00f3w na linii rodzic\u2013dziecko.<\/span><\/li>\n<\/ul>\n<p><span style=\"color: #ff0000;\"><strong>Szczeg\u00f3\u0142y organizacyjne<\/strong><\/span><\/p>\n<ul>\n<li><strong><span style=\"color: #0000ff;\">Termin:&nbsp;<\/span><span style=\"color: #000000;\">28 maj 2026 r., godz. 16.30 \u2013 18.00<\/span><\/strong><\/li>\n<li><strong><span style=\"color: #0000ff;\">Miejsce:<\/span> <span style=\"color: #000000;\">Szko\u0142a Podstawowa nr 22 w P\u0142ocku<\/span><\/strong><\/li>\n<li><strong><span style=\"color: #0000ff;\">Dla kogo:<\/span> <span style=\"color: #000000;\">Rodzice uczni\u00f3w klas 1- 4<\/span><\/strong><\/li>\n<\/ul>\n<p><span style=\"color: #ff0000;\"><strong>Pro\u015bba o potwierdzenie udzia\u0142u<\/strong><\/span><\/p>\n<p><span style=\"color: #000000;\">Ze wzgl\u0119du na warsztatowy charakter spotkania oraz konieczno\u015b\u0107 przygotowania odpowiedniej liczby materia\u0142\u00f3w i miejsc, bardzo prosimy o&nbsp;<strong>zadeklarowanie ch\u0119ci udzia\u0142u do dnia 18 maja 2026 r.<\/strong><\/span><\/p>\n<p><span style=\"color: #000000;\">Prosz\u0119 potwierdzi\u0107 obecno\u015b\u0107 na warsztatach za po\u015brednictwem mobidziennika wysy\u0142aj\u0105c wiadomo\u015b\u0107 na konto Iwona Ko\u0142odziejska.<\/span><\/p>\n<p><span style=\"color: #000000;\">Wierzymy, \u017ce wiedza i do\u015bwiadczenie specjalist\u00f3w z Poradni pomog\u0105 Pa\u0144stwu jeszcze lepiej rozumie\u0107 potrzeby swoich dzieci i wyposa\u017c\u0105 w narz\u0119dzia przydatne w codziennych sytuacjach.<\/span><\/p>\n<p><span style=\"color: #000000;\">Serdecznie zapraszamy!<\/span><\/p>\n<p><span style=\"color: #000000;\"><em>Z wyrazami szacunku<\/em><\/span><\/p>\n<p><span style=\"color: #000000;\"><em>Zesp\u00f3\u0142 psychologiczno \u2013 pedagogiczny SP 22<\/em><\/span><\/p>\n","protected":false},"excerpt":{"rendered":"<p>&#46;&#46;&#46;<\/p>\n","protected":false},"author":4,"featured_media":14505,"comment_status":"open","ping_status":"open","sticky":false,"template":"","format":"standard","meta":{"ngg_post_thumbnail":0,"footnotes":""},"categories":[1],"tags":[],"class_list":["post-14504","post","type-post","status-publish","format-standard","has-post-thumbnail","hentry","category-wiadomosci"],"_links":{"self":[{"href":"https:\/\/sp22.pl\/nowa\/index.php\/wp-json\/wp\/v2\/posts\/14504","targetHints":{"allow":["GET"]}}],"collection":[{"href":"https:\/\/sp22.pl\/nowa\/index.php\/wp-json\/wp\/v2\/posts"}],"about":[{"href":"https:\/\/sp22.pl\/nowa\/index.php\/wp-json\/wp\/v2\/types\/post"}],"author":[{"embeddable":true,"href":"https:\/\/sp22.pl\/nowa\/index.php\/wp-json\/wp\/v2\/users\/4"}],"replies":[{"embeddable":true,"href":"https:\/\/sp22.pl\/nowa\/index.php\/wp-json\/wp\/v2\/comments?post=14504"}],"version-history":[{"count":3,"href":"https:\/\/sp22.pl\/nowa\/index.php\/wp-json\/wp\/v2\/posts\/14504\/revisions"}],"predecessor-version":[{"id":14508,"href":"https:\/\/sp22.pl\/nowa\/index.php\/wp-json\/wp\/v2\/posts\/14504\/revisions\/14508"}],"wp:featuredmedia":[{"embeddable":true,"href":"https:\/\/sp22.pl\/nowa\/index.php\/wp-json\/wp\/v2\/media\/14505"}],"wp:attachment":[{"href":"https:\/\/sp22.pl\/nowa\/index.php\/wp-json\/wp\/v2\/media?parent=14504"}],"wp:term":[{"taxonomy":"category","embeddable":true,"href":"https:\/\/sp22.pl\/nowa\/index.php\/wp-json\/wp\/v2\/categories?post=14504"},{"taxonomy":"post_tag","embeddable":true,"href":"https:\/\/sp22.pl\/nowa\/index.php\/wp-json\/wp\/v2\/tags?post=14504"}],"curies":[{"name":"wp","href":"https:\/\/api.w.org\/{rel}","templated":true}]}}