{"id":14486,"date":"2026-05-22T10:51:34","date_gmt":"2026-05-22T08:51:34","guid":{"rendered":"https:\/\/sp22.pl\/nowa\/?p=14486"},"modified":"2026-05-22T13:28:18","modified_gmt":"2026-05-22T11:28:18","slug":"ogolnopolski-projekt-edukacyjny-poznaje-technologiczne-triki-osiagam-swietne-wyniki-2","status":"publish","type":"post","link":"https:\/\/sp22.pl\/nowa\/index.php\/2026\/05\/22\/ogolnopolski-projekt-edukacyjny-poznaje-technologiczne-triki-osiagam-swietne-wyniki-2\/","title":{"rendered":"Og\u00f3lnopolski Projekt Edukacyjny \u201ePoznaj\u0119 technologiczne triki, osi\u0105gam \u015bwietne wyniki\u201d"},"content":{"rendered":"<p><span style=\"font-family: Arial, sans-serif; color: #000000;\">W roku szkolnym 2025\/2026 Uczniowie ko\u0142a informatycznego uczestniczyli w IV edycji Og\u00f3lnopolskiego Projektu Edukacyjnego \u201ePoznaj\u0119 technologiczne triki, osi\u0105gam \u015bwietne wyniki\u201d, realizowanego w okresie od 16 wrze\u015bnia 2025 r. do 16 maja 2026 r. Organizatorem projektu by\u0142a Biblioteka Pedagogiczna w Ostro\u0142\u0119ce. G\u0142\u00f3wnym celem przedsi\u0119wzi\u0119cia by\u0142o rozwijanie kompetencji cyfrowych, informatycznych i medialnych uczni\u00f3w, a tak\u017ce promowanie bezpiecznego i \u015bwiadomego korzystania z nowoczesnych technologii.<\/span><\/p>\n<p><span style=\"font-family: Arial, sans-serif; color: #000000;\">W ramach projektu Uczniowie wykonywali zadania z trzech modu\u0142\u00f3w tematycznych.<\/span><\/p>\n<p><span style=\"color: #000000;\"><em><span style=\"font-family: Arial, sans-serif;\">Modu\u0142 I \u2013 Wykorzystuj\u0119 nowoczesne technologie (m. in. sztuczn\u0105 inteligencj\u0119)<\/span><\/em><\/span><\/p>\n<p><span style=\"font-family: Arial, sans-serif; color: #000000;\">W trakcie zaj\u0119\u0107 Uczniowie:<\/span><\/p>\n<ul>\n<li><span style=\"font-family: Arial, sans-serif; color: #000000;\">uczestniczyli w zaj\u0119ciach dotycz\u0105cych kosmosu i nowoczesnych technologii, poznaj\u0105c ciekawostki zwi\u0105zane z astronomi\u0105; <\/span><\/li>\n<li><span style=\"font-family: Arial, sans-serif; color: #000000;\">rozwijali umiej\u0119tno\u015bci matematyczne, korzystaj\u0105c z interaktywnych \u0107wicze\u0144 i gier edukacyjnych na platformie Matzoo; <\/span><\/li>\n<li><span style=\"font-family: Arial, sans-serif; color: #000000;\">przypominali sobie zasady zdrowego stylu \u017cycia, pracuj\u0105c z materia\u0142ami multimedialnymi dost\u0119pnymi na Zintegrowanej Platformie Edukacyjnej; <\/span><\/li>\n<li><span style=\"font-family: Arial, sans-serif; color: #000000;\">odbyli wirtualny spacer po muzeum, poznaj\u0105c ciekawe miejsca i eksponaty bez wychodzenia ze szko\u0142y; <\/span><\/li>\n<li><span style=\"font-family: Arial, sans-serif; color: #000000;\">wzi\u0119li udzia\u0142 w konkursie rozwijaj\u0105cym kompetencje cyfrowe i informatyczne. <\/span><\/li>\n<\/ul>\n<p><span style=\"color: #000000;\"><em><span style=\"font-family: Arial, sans-serif;\">Modu\u0142 II \u2013 Dbam o higien\u0119 cyfrow\u0105 i jestem bezpieczny w sieci<\/span><\/em><\/span><\/p>\n<p><span style=\"font-family: Arial, sans-serif; color: #000000;\">Podczas realizacji zada\u0144 Uczniowie:<\/span><\/p>\n<ul>\n<li><span style=\"font-family: Arial, sans-serif; color: #000000;\">utrwalali zasady bezpiecznego korzystania z Internetu, korzystaj\u0105c z materia\u0142\u00f3w edukacyjnych ZPE; <\/span><\/li>\n<li><span style=\"font-family: Arial, sans-serif; color: #000000;\">sprawdzali swoj\u0105 wiedz\u0119 dotycz\u0105c\u0105 rozpoznawania deepfake\u2019\u00f3w oraz cyberbezpiecze\u0144stwa; <\/span><\/li>\n<li><span style=\"font-family: Arial, sans-serif; color: #000000;\">wykonywali plakaty dotycz\u0105ce netykiety, bezpiecze\u0144stwa w sieci oraz przeciwdzia\u0142ania mowie nienawi\u015bci; <\/span><\/li>\n<li><span style=\"font-family: Arial, sans-serif; color: #000000;\">aktywnie uczestniczyli w obchodach Dnia Bezpiecznego Internetu; <\/span><\/li>\n<li><span style=\"font-family: Arial, sans-serif; color: #000000;\">poznawali zasady bezpiecznego funkcjonowania w \u015bwiecie online poprzez edukacyjn\u0105 gr\u0119 \u201eInterlandia\u201d. <\/span><\/li>\n<\/ul>\n<p><span style=\"color: #000000;\"><em><span style=\"font-family: Arial, sans-serif;\">Modu\u0142 III \u2013 Zrobi\u0119 lub sprawdz\u0119 to sam<\/span><\/em><\/span><\/p>\n<p><span style=\"font-family: Arial, sans-serif; color: #000000;\">W ramach dzia\u0142a\u0144 praktycznych Uczniowie:<\/span><\/p>\n<ul>\n<li><span style=\"font-family: Arial, sans-serif; color: #000000;\">tworzyli grafiki przedstawiaj\u0105ce kosmos i Uk\u0142ad S\u0142oneczny w programach graficznych; <\/span><\/li>\n<li><span style=\"font-family: Arial, sans-serif; color: #000000;\">przygotowali plakat o Polsce z wykorzystaniem element\u00f3w kola\u017cu; <\/span><\/li>\n<li><span style=\"font-family: Arial, sans-serif; color: #000000;\">wykonali multimedialne kartki \u015bwi\u0105teczne w aplikacji Scratch; <\/span><\/li>\n<li><span style=\"font-family: Arial, sans-serif; color: #000000;\">rozwijali umiej\u0119tno\u015bci programowania i logicznego my\u015blenia przy u\u017cyciu maty do kodowania; <\/span><\/li>\n<li><span style=\"font-family: Arial, sans-serif; color: #000000;\">projektowali i drukowali dekoracyjne przedmioty przy pomocy drukarki 3D; <\/span><\/li>\n<li><span style=\"font-family: Arial, sans-serif; color: #000000;\">programowali Ozoboty oraz tworzyli dla nich trasy z przeszkodami i zadaniami. <\/span><\/li>\n<\/ul>\n<p><span style=\"font-family: Arial, sans-serif; color: #000000;\">Na zako\u0144czenie projektu nasza szko\u0142a otrzyma\u0142a certyfikat uczestnictwa, a Uczniowie \u2013 pami\u0105tkowe dyplomy. By\u0142 to rok pe\u0142en kreatywnych dzia\u0142a\u0144, nowych do\u015bwiadcze\u0144 i \u015bwietnej zabawy z technologi\u0105. Zaj\u0119cia pozwoli\u0142y uczestnikom nie tylko rozwija\u0107 kompetencje cyfrowe, ale tak\u017ce przekona\u0107 si\u0119, \u017ce nauka z wykorzystaniem nowoczesnych narz\u0119dzi mo\u017ce by\u0107 ciekawa, inspiruj\u0105ca i dawa\u0107 wiele satysfakcji. <\/span><\/p>\n<p><span style=\"color: #000000;\"><em><span style=\"font-family: Arial, sans-serif;\">Koordynator projektu i opracowanie materia\u0142u: Beata Michalak<\/span><\/em><\/span><\/p>\nngg_shortcode_0_placeholder\n","protected":false},"excerpt":{"rendered":"<p>&#46;&#46;&#46;<\/p>\n","protected":false},"author":8,"featured_media":14490,"comment_status":"open","ping_status":"open","sticky":false,"template":"","format":"standard","meta":{"ngg_post_thumbnail":0,"footnotes":""},"categories":[1],"tags":[],"class_list":["post-14486","post","type-post","status-publish","format-standard","has-post-thumbnail","hentry","category-wiadomosci"],"_links":{"self":[{"href":"https:\/\/sp22.pl\/nowa\/index.php\/wp-json\/wp\/v2\/posts\/14486","targetHints":{"allow":["GET"]}}],"collection":[{"href":"https:\/\/sp22.pl\/nowa\/index.php\/wp-json\/wp\/v2\/posts"}],"about":[{"href":"https:\/\/sp22.pl\/nowa\/index.php\/wp-json\/wp\/v2\/types\/post"}],"author":[{"embeddable":true,"href":"https:\/\/sp22.pl\/nowa\/index.php\/wp-json\/wp\/v2\/users\/8"}],"replies":[{"embeddable":true,"href":"https:\/\/sp22.pl\/nowa\/index.php\/wp-json\/wp\/v2\/comments?post=14486"}],"version-history":[{"count":4,"href":"https:\/\/sp22.pl\/nowa\/index.php\/wp-json\/wp\/v2\/posts\/14486\/revisions"}],"predecessor-version":[{"id":14671,"href":"https:\/\/sp22.pl\/nowa\/index.php\/wp-json\/wp\/v2\/posts\/14486\/revisions\/14671"}],"wp:featuredmedia":[{"embeddable":true,"href":"https:\/\/sp22.pl\/nowa\/index.php\/wp-json\/wp\/v2\/media\/14490"}],"wp:attachment":[{"href":"https:\/\/sp22.pl\/nowa\/index.php\/wp-json\/wp\/v2\/media?parent=14486"}],"wp:term":[{"taxonomy":"category","embeddable":true,"href":"https:\/\/sp22.pl\/nowa\/index.php\/wp-json\/wp\/v2\/categories?post=14486"},{"taxonomy":"post_tag","embeddable":true,"href":"https:\/\/sp22.pl\/nowa\/index.php\/wp-json\/wp\/v2\/tags?post=14486"}],"curies":[{"name":"wp","href":"https:\/\/api.w.org\/{rel}","templated":true}]}}