{"id":14437,"date":"2026-04-30T17:02:41","date_gmt":"2026-04-30T15:02:41","guid":{"rendered":"https:\/\/sp22.pl\/nowa\/?p=14437"},"modified":"2026-05-06T17:04:59","modified_gmt":"2026-05-06T15:04:59","slug":"xi-edycja-swietlicjady","status":"publish","type":"post","link":"https:\/\/sp22.pl\/nowa\/index.php\/2026\/04\/30\/xi-edycja-swietlicjady\/","title":{"rendered":"XI edycja \u015awietlicjady"},"content":{"rendered":"<p class=\"western\"><span style=\"font-family: Arial, sans-serif; color: #000000;\"><span style=\"font-size: medium;\">22 kwietnia 2026 roku czw\u00f3rka Reprezentant\u00f3w naszej Szko\u0142y wzi\u0119\u0142a udzia\u0142 w XI&nbsp;edycji \u015awietlicjady.<br \/>\nJest to konkurs, kt\u00f3rego adresatami s\u0105 dzieci klas drugich, ucz\u0119szczaj\u0105ce do \u015bwietlic szkolnych, organizowany przez Szko\u0142\u0119 Podstawow\u0105 nr 6 w P\u0142ocku. Do turnieju przyst\u0105pili uczniowie z wielu p\u0142ockich szk\u00f3\u0142 podstawowych. <\/span><\/span><\/p>\n<p class=\"western\"><span style=\"font-family: Arial, sans-serif; color: #000000;\"><span style=\"font-size: medium;\">Nasza dru\u017cyna, w sk\u0142adzie: Mateusz Gajewski, Iga Go\u015bciniak, Iga Jasi\u0144ska, Jan Otwinowski, pod opiek\u0105 wychowawcy \u015bwietlicy \u2013 p. Marzeny Tomaszewskiej-Gdak, zaj\u0119\u0142a I miejsce!<\/span><\/span><\/p>\n<p class=\"western\"><span style=\"font-family: Arial, sans-serif; color: #000000;\"><span style=\"font-size: medium;\">Motywem przewodnim konkursu by\u0142 Dzie\u0144 Ziemi, kt\u00f3ry obchodzony jest w\u0142a\u015bnie 22 kwietnia. Uczniowie, wype\u0142niaj\u0105c kolejne zadania, musieli wykaza\u0107 si\u0119 koncentracj\u0105 uwagi, logicznym my\u015bleniem, cierpliwo\u015bci\u0105, sprawno\u015bci\u0105 fizyczn\u0105<br \/>\noraz talentem plastycznym.<\/span><\/span><\/p>\n<p class=\"western\"><span style=\"font-family: Arial, sans-serif; color: #000000;\"><span style=\"font-size: medium;\">Nasza dru\u017cyna wygra\u0142a r\u00f3\u017cne akcesoria- sprz\u0119t sportowy i zabawki, kt\u00f3re zasili\u0142y zasoby \u015bwietlicy.<\/span><\/span><\/p>\n<p class=\"western\" align=\"left\"><span style=\"font-family: Arial, sans-serif; color: #000000;\"><span style=\"font-size: medium;\">Serdecznie gratulujemy naszym \u015awietliczakom!<\/span><\/span><\/p>\n<p class=\"western\"><span style=\"color: #000000;\"><em><span style=\"font-family: Arial, sans-serif;\"><span style=\"font-size: medium;\">Opracowanie materia\u0142u: p. Marzena Tomaszewska-Gdak<\/span><\/span><\/em><\/span><\/p>\nngg_shortcode_0_placeholder\n","protected":false},"excerpt":{"rendered":"<p>&#46;&#46;&#46;<\/p>\n","protected":false},"author":9,"featured_media":14438,"comment_status":"open","ping_status":"open","sticky":false,"template":"","format":"standard","meta":{"ngg_post_thumbnail":0,"footnotes":""},"categories":[1],"tags":[],"class_list":["post-14437","post","type-post","status-publish","format-standard","has-post-thumbnail","hentry","category-wiadomosci"],"_links":{"self":[{"href":"https:\/\/sp22.pl\/nowa\/index.php\/wp-json\/wp\/v2\/posts\/14437","targetHints":{"allow":["GET"]}}],"collection":[{"href":"https:\/\/sp22.pl\/nowa\/index.php\/wp-json\/wp\/v2\/posts"}],"about":[{"href":"https:\/\/sp22.pl\/nowa\/index.php\/wp-json\/wp\/v2\/types\/post"}],"author":[{"embeddable":true,"href":"https:\/\/sp22.pl\/nowa\/index.php\/wp-json\/wp\/v2\/users\/9"}],"replies":[{"embeddable":true,"href":"https:\/\/sp22.pl\/nowa\/index.php\/wp-json\/wp\/v2\/comments?post=14437"}],"version-history":[{"count":2,"href":"https:\/\/sp22.pl\/nowa\/index.php\/wp-json\/wp\/v2\/posts\/14437\/revisions"}],"predecessor-version":[{"id":14440,"href":"https:\/\/sp22.pl\/nowa\/index.php\/wp-json\/wp\/v2\/posts\/14437\/revisions\/14440"}],"wp:featuredmedia":[{"embeddable":true,"href":"https:\/\/sp22.pl\/nowa\/index.php\/wp-json\/wp\/v2\/media\/14438"}],"wp:attachment":[{"href":"https:\/\/sp22.pl\/nowa\/index.php\/wp-json\/wp\/v2\/media?parent=14437"}],"wp:term":[{"taxonomy":"category","embeddable":true,"href":"https:\/\/sp22.pl\/nowa\/index.php\/wp-json\/wp\/v2\/categories?post=14437"},{"taxonomy":"post_tag","embeddable":true,"href":"https:\/\/sp22.pl\/nowa\/index.php\/wp-json\/wp\/v2\/tags?post=14437"}],"curies":[{"name":"wp","href":"https:\/\/api.w.org\/{rel}","templated":true}]}}