{"id":14411,"date":"2026-05-03T22:42:26","date_gmt":"2026-05-03T20:42:26","guid":{"rendered":"https:\/\/sp22.pl\/nowa\/?p=14411"},"modified":"2026-05-04T06:16:15","modified_gmt":"2026-05-04T04:16:15","slug":"klasa-7e-w-swiecie-cyfrowej-tworczosci","status":"publish","type":"post","link":"https:\/\/sp22.pl\/nowa\/index.php\/2026\/05\/03\/klasa-7e-w-swiecie-cyfrowej-tworczosci\/","title":{"rendered":"Klasa 7e w \u015bwiecie cyfrowej tw\u00f3rczo\u015bci!"},"content":{"rendered":"<p><span style=\"color: #000000;\">Czy tworzenie rolek to tylko zabawa, czy mo\u017ce nowa forma sztuki i komunikacji? Klasa 7e mia\u0142a okazj\u0119 sprawdzi\u0107 to osobi\u015bcie!<\/span><\/p>\n<p><span style=\"color: #000000;\">W poniedzia\u0142ek, 27 kwietnia 2026 roku, nasi Uczniowie odwiedzili Mediatek\u0119 Emka, by wzi\u0105\u0107 udzia\u0142 w wyj\u0105tkowych warsztatach multimedialnych pod has\u0142em &#8222;Nie daj si\u0119 wyrolowa\u0107&#8221;.<\/span><\/p>\n<p><span style=\"color: #000000;\">Zanim chwycili\u015bmy za tablety, pracownik Mediateki oprowadzi\u0142 nas po nowoczesnych wn\u0119trzach Emki. Dowiedzieli\u015bmy si\u0119, \u017ce to nie tylko biblioteka, ale prawdziwe centrum kultury i technologii. W cz\u0119\u015bci praktycznej uczniowie zg\u0142\u0119biali tajniki tworzenia kr\u00f3tkich form wideo (tzw. Reels). Prowadz\u0105cy pokaza\u0142 nam, jak montowa\u0107 materia\u0142y, dobiera\u0107 muzyk\u0119 i \u2013 co najwa\u017cniejsze \u2013 jak robi\u0107 to z g\u0142ow\u0105, dbaj\u0105c o bezpiecze\u0144stwo i autentyczno\u015b\u0107 w sieci.<\/span><\/p>\n<p><span style=\"color: #000000;\">Tworzenie tre\u015bci w internecie to \u015bwietna przygoda, pod warunkiem, \u017ce znamy zasady gry i potrafimy odr\u00f3\u017cni\u0107 warto\u015bciowy content od zwyk\u0142ego &#8222;rolowania&#8221;.<\/span><\/p>\n<p><span style=\"color: #000000;\">Dzi\u0119kujemy Mediatece Emka za dawk\u0119 inspiracji i profesjonalne wskaz\u00f3wki! Kto wie, mo\u017ce w\u015br\u00f3d si\u00f3dmoklasist\u00f3w ro\u015bnie nam w\u0142a\u015bnie przysz\u0142a gwiazda monta\u017cu filmowego?<\/span><\/p>\n<p><span style=\"color: #000000;\"><em>Opracowanie materia\u0142u: And\u017celika Kaniewska-\u0141uciakiewicz<\/em><\/span><\/p>\nngg_shortcode_0_placeholder\n","protected":false},"excerpt":{"rendered":"<p>&#46;&#46;&#46;<\/p>\n","protected":false},"author":5,"featured_media":14412,"comment_status":"open","ping_status":"open","sticky":false,"template":"","format":"standard","meta":{"ngg_post_thumbnail":0,"footnotes":""},"categories":[1],"tags":[],"class_list":["post-14411","post","type-post","status-publish","format-standard","has-post-thumbnail","hentry","category-wiadomosci"],"_links":{"self":[{"href":"https:\/\/sp22.pl\/nowa\/index.php\/wp-json\/wp\/v2\/posts\/14411","targetHints":{"allow":["GET"]}}],"collection":[{"href":"https:\/\/sp22.pl\/nowa\/index.php\/wp-json\/wp\/v2\/posts"}],"about":[{"href":"https:\/\/sp22.pl\/nowa\/index.php\/wp-json\/wp\/v2\/types\/post"}],"author":[{"embeddable":true,"href":"https:\/\/sp22.pl\/nowa\/index.php\/wp-json\/wp\/v2\/users\/5"}],"replies":[{"embeddable":true,"href":"https:\/\/sp22.pl\/nowa\/index.php\/wp-json\/wp\/v2\/comments?post=14411"}],"version-history":[{"count":4,"href":"https:\/\/sp22.pl\/nowa\/index.php\/wp-json\/wp\/v2\/posts\/14411\/revisions"}],"predecessor-version":[{"id":14427,"href":"https:\/\/sp22.pl\/nowa\/index.php\/wp-json\/wp\/v2\/posts\/14411\/revisions\/14427"}],"wp:featuredmedia":[{"embeddable":true,"href":"https:\/\/sp22.pl\/nowa\/index.php\/wp-json\/wp\/v2\/media\/14412"}],"wp:attachment":[{"href":"https:\/\/sp22.pl\/nowa\/index.php\/wp-json\/wp\/v2\/media?parent=14411"}],"wp:term":[{"taxonomy":"category","embeddable":true,"href":"https:\/\/sp22.pl\/nowa\/index.php\/wp-json\/wp\/v2\/categories?post=14411"},{"taxonomy":"post_tag","embeddable":true,"href":"https:\/\/sp22.pl\/nowa\/index.php\/wp-json\/wp\/v2\/tags?post=14411"}],"curies":[{"name":"wp","href":"https:\/\/api.w.org\/{rel}","templated":true}]}}