{"id":14350,"date":"2026-04-22T10:03:25","date_gmt":"2026-04-22T08:03:25","guid":{"rendered":"https:\/\/sp22.pl\/nowa\/?p=14350"},"modified":"2026-04-22T10:21:36","modified_gmt":"2026-04-22T08:21:36","slug":"rymy-scena-i-spotkanie-z-agnieszka-fraczek-gorczyca","status":"publish","type":"post","link":"https:\/\/sp22.pl\/nowa\/index.php\/2026\/04\/22\/rymy-scena-i-spotkanie-z-agnieszka-fraczek-gorczyca\/","title":{"rendered":"Rymy, scena i spotkanie z Agnieszk\u0105 Fr\u0105czek-Gorczyc\u0105"},"content":{"rendered":"<p><img loading=\"lazy\" decoding=\"async\" class=\"wp-image-13340 aligncenter\" src=\"https:\/\/sp22.pl\/nowa\/wp-content\/uploads\/2025\/12\/001-nprcz-belka-men-kolor-rgb-300x37.jpg\" alt=\"\" width=\"973\" height=\"120\" srcset=\"https:\/\/sp22.pl\/nowa\/wp-content\/uploads\/2025\/12\/001-nprcz-belka-men-kolor-rgb-300x37.jpg 300w, https:\/\/sp22.pl\/nowa\/wp-content\/uploads\/2025\/12\/001-nprcz-belka-men-kolor-rgb-1024x127.jpg 1024w, https:\/\/sp22.pl\/nowa\/wp-content\/uploads\/2025\/12\/001-nprcz-belka-men-kolor-rgb-768x95.jpg 768w, https:\/\/sp22.pl\/nowa\/wp-content\/uploads\/2025\/12\/001-nprcz-belka-men-kolor-rgb-1536x190.jpg 1536w, https:\/\/sp22.pl\/nowa\/wp-content\/uploads\/2025\/12\/001-nprcz-belka-men-kolor-rgb.jpg 2000w\" sizes=\"auto, (max-width: 973px) 100vw, 973px\" \/><\/p>\n<p><span style=\"color: #000000;\"><span style=\"font-family: Arial, sans-serif;\">Dnia 14 kwietnia Uczennice naszej szko\u0142y: Hania i Wiktoria z klasy 2a wzi\u0119\u0142y udzia\u0142 w&nbsp;mi\u0119dzyszkolnym konkursie recytatorskim <\/span><span style=\"font-family: Arial, sans-serif;\">\u201eMistrz rymowania\u201d organizowanym przez bibliotek\u0119 dla dzieci \u201eChotomek\u201d. <\/span><span style=\"font-family: Arial, sans-serif;\">Cho\u0107 tym razem nie uda\u0142o si\u0119 zdoby\u0107 tytu\u0142u, dziewczynki zaprezentowa\u0142y si\u0119 znakomicie i z wielk\u0105 odwag\u0105 stan\u0119\u0142y na scenie, pokazuj\u0105c, \u017ce z poezj\u0105 czuj\u0105 si\u0119 naprawd\u0119 dobrze. Uczestnik\u00f3w konkursu by\u0142o niema\u0142o, wi\u0119c publiczno\u015b\u0107 mog\u0142a us\u0142ysze\u0107 wiele ciekawych interpretacji wierszy. Poziom by\u0142 bardzo wysoki, a ka\u017cdy wyst\u0119p budzi\u0142 du\u017ce emocje.<\/span><\/span><\/p>\n<p><span style=\"font-family: Arial, sans-serif; color: #000000;\">Dodatkow\u0105 atrakcj\u0105 wydarzenia by\u0142o spotkanie z autork\u0105 ksi\u0105\u017cek dla dzieci, Agnieszk\u0105 Fr\u0105czek-Gorczyc\u0105. Pisarka opowiada\u0142a o swojej tw\u00f3rczo\u015bci, zdradzi\u0142a kilka sekret\u00f3w powstawania rym\u00f3w i&nbsp;udowodni\u0142a, \u017ce j\u0119zyk polski potrafi by\u0107 naprawd\u0119 zabawny, je\u015bli tylko uruchomimy wyobra\u017ani\u0119.<\/span><\/p>\n<p><span style=\"font-family: Arial, sans-serif; color: #000000;\">Na zako\u0144czenie wszyscy uczestnicy konkursu otrzymali ksi\u0105\u017cki autorstwa p. Agnieszki jako pami\u0105tk\u0119 udzia\u0142u w wydarzeniu. By\u0142a te\u017c okazja do zdobycia autografu i kr\u00f3tkiej rozmowy z&nbsp;autork\u0105 \u2013 z czego nasze uczennice oczywi\u015bcie skorzysta\u0142y!<\/span><\/p>\n<p><span style=\"font-family: Arial, sans-serif; color: #000000;\">Cho\u0107 tym razem tytu\u0142 \u201eMistrza rymowania\u201d pow\u0119drowa\u0142 do kogo\u015b innego, dla naszych reprezentantek by\u0142 to dzie\u0144 pe\u0142en wra\u017ce\u0144, nowych do\u015bwiadcze\u0144 i literackich inspiracji. Kto wie \u2013 mo\u017ce w przysz\u0142ym roku to w\u0142a\u015bnie one oczaruj\u0105 jury swoimi rymami? Trzymamy za to kciuki!<\/span><\/p>\n<p><em><span style=\"font-family: Arial, sans-serif; color: #000000;\">Koordynator konkursu i opracowanie materia\u0142u: Beata Szymczak<\/span><\/em><\/p>\nngg_shortcode_0_placeholder\n","protected":false},"excerpt":{"rendered":"<p>&#46;&#46;&#46;<\/p>\n","protected":false},"author":8,"featured_media":14351,"comment_status":"open","ping_status":"open","sticky":false,"template":"","format":"standard","meta":{"ngg_post_thumbnail":0,"footnotes":""},"categories":[1],"tags":[],"class_list":["post-14350","post","type-post","status-publish","format-standard","has-post-thumbnail","hentry","category-wiadomosci"],"_links":{"self":[{"href":"https:\/\/sp22.pl\/nowa\/index.php\/wp-json\/wp\/v2\/posts\/14350","targetHints":{"allow":["GET"]}}],"collection":[{"href":"https:\/\/sp22.pl\/nowa\/index.php\/wp-json\/wp\/v2\/posts"}],"about":[{"href":"https:\/\/sp22.pl\/nowa\/index.php\/wp-json\/wp\/v2\/types\/post"}],"author":[{"embeddable":true,"href":"https:\/\/sp22.pl\/nowa\/index.php\/wp-json\/wp\/v2\/users\/8"}],"replies":[{"embeddable":true,"href":"https:\/\/sp22.pl\/nowa\/index.php\/wp-json\/wp\/v2\/comments?post=14350"}],"version-history":[{"count":2,"href":"https:\/\/sp22.pl\/nowa\/index.php\/wp-json\/wp\/v2\/posts\/14350\/revisions"}],"predecessor-version":[{"id":14353,"href":"https:\/\/sp22.pl\/nowa\/index.php\/wp-json\/wp\/v2\/posts\/14350\/revisions\/14353"}],"wp:featuredmedia":[{"embeddable":true,"href":"https:\/\/sp22.pl\/nowa\/index.php\/wp-json\/wp\/v2\/media\/14351"}],"wp:attachment":[{"href":"https:\/\/sp22.pl\/nowa\/index.php\/wp-json\/wp\/v2\/media?parent=14350"}],"wp:term":[{"taxonomy":"category","embeddable":true,"href":"https:\/\/sp22.pl\/nowa\/index.php\/wp-json\/wp\/v2\/categories?post=14350"},{"taxonomy":"post_tag","embeddable":true,"href":"https:\/\/sp22.pl\/nowa\/index.php\/wp-json\/wp\/v2\/tags?post=14350"}],"curies":[{"name":"wp","href":"https:\/\/api.w.org\/{rel}","templated":true}]}}