{"id":13926,"date":"2026-03-03T22:01:37","date_gmt":"2026-03-03T21:01:37","guid":{"rendered":"https:\/\/sp22.pl\/nowa\/?p=13926"},"modified":"2026-03-03T22:02:49","modified_gmt":"2026-03-03T21:02:49","slug":"apel-sukcesu-2","status":"publish","type":"post","link":"https:\/\/sp22.pl\/nowa\/index.php\/2026\/03\/03\/apel-sukcesu-2\/","title":{"rendered":"Apel Sukcesu"},"content":{"rendered":"<p lang=\"zxx\"><span style=\"color: #000000;\"><span style=\"font-family: Arial, sans-serif;\">23 lutego w naszej szkole odby\u0142 si\u0119 wyj\u0105tkowy <\/span><span style=\"font-family: Arial, sans-serif;\">Apel Sukcesu<\/span><span style=\"font-family: Arial, sans-serif;\">, kt\u00f3ry na d\u0142ugo pozostanie w pami\u0119ci ca\u0142ej spo\u0142eczno\u015bci szkolnej. By\u0142a to uroczysto\u015b\u0107 pe\u0142na wzrusze\u0144, rado\u015bci i dumy z osi\u0105gni\u0119\u0107 naszych uczni\u00f3w.<\/span><\/span><\/p>\n<p lang=\"zxx\"><span style=\"font-family: Arial, sans-serif; color: #000000;\">Nowe oblicze naszej szko\u0142y \u2013 rozstrzygni\u0119cie konkursu na logo<\/span><\/p>\n<p lang=\"zxx\"><span style=\"font-family: Arial, sans-serif; color: #000000;\">Pierwszym, niezwykle uroczystym punktem wydarzenia by\u0142o ods\u0142oni\u0119cie nowego logo szko\u0142y przez Panie Dyrektorki oraz Przewodnicz\u0105cego Rady Rodzic\u00f3w. <\/span><span style=\"font-family: Arial, sans-serif; color: #000000;\">Z ogromn\u0105 dum\u0105 og\u0142oszono wyniki konkursu na nowe logo naszej szko\u0142y. Wyb\u00f3r nie by\u0142 \u0142atwy \u2013 wp\u0142yn\u0119\u0142o a\u017c 16 fantastycznych projekt\u00f3w, z kt\u00f3rych ka\u017cdy zachwyca\u0142 pomys\u0142owo\u015bci\u0105. <\/span><span style=\"color: #000000;\"><span style=\"font-family: Arial, sans-serif;\">Zaszczytny tytu\u0142 autora nowego, oficjalnego logo otrzyma\u0142 <\/span><span style=\"font-family: Arial, sans-serif;\">Jan Grabowski z klasy 5<\/span><span style=\"font-family: Arial, sans-serif;\">. Serdecznie gratulujemy niezwyk\u0142ej kreatywno\u015bci i genialnego pomys\u0142u! <\/span><span style=\"font-family: Arial, sans-serif;\">Zwyci\u0119zca otrzyma\u0142 wyj\u0105tkow\u0105 nagrod\u0119 \u2013 voucher o warto\u015bci 600 z\u0142 na profesjonaln\u0105, rodzinn\u0105 sesj\u0119 zdj\u0119ciow\u0105. Fundatorem nagrody by\u0142a niezawodna Rada Rodzic\u00f3w. <\/span><span style=\"font-family: Arial, sans-serif;\">Ogromne brawa skierowano r\u00f3wnie\u017c do wszystkich uczestnik\u00f3w konkursu. Ka\u017cdy z nich otrzyma\u0142 pami\u0105tkowy dyplom z podzi\u0119kowaniami za w\u0142o\u017cony trud i zaanga\u017cowanie.<\/span><\/span><\/p>\n<p lang=\"zxx\"><span style=\"font-family: Arial, sans-serif; color: #000000;\">Podzi\u0119kowania za wsparcie WO\u015aP<\/span><\/p>\n<p lang=\"zxx\"><span style=\"color: #000000;\"><span style=\"font-family: Arial, sans-serif;\">Kolejnym wa\u017cnym momentem by\u0142o wr\u0119czenie kwiat\u00f3w oraz serdeczne podzi\u0119kowania dla pani Marty J\u0119drzejczak \u2013 mamy jednej z naszych uczennic, kt\u00f3ra aktywnie wspar\u0142a dzia\u0142ania szko\u0142y podczas zbi\u00f3rki na rzecz Wielka Orkiestra \u015awi\u0105tecznej Pomocy. <\/span><span style=\"font-family: Arial, sans-serif;\">Pani J\u0119drzejczak uszy\u0142a pi\u0119kne poduszki z logo akcji, kt\u00f3re sta\u0142y si\u0119 nagrodami dla klas, kt\u00f3re zebra\u0142y najwi\u0119cej pieni\u0119dzy do puszek. Jej zaanga\u017cowanie i ogromne serce spotka\u0142y si\u0119 z gromkimi brawami ca\u0142ej spo\u0142eczno\u015bci szkolnej.<\/span><\/span><\/p>\n<p lang=\"zxx\"><span style=\"font-family: Arial, sans-serif; color: #000000;\">Stypendia Prezydenta Miasta P\u0142ocka <\/span><\/p>\n<p lang=\"zxx\"><span style=\"color: #000000;\"><span style=\"font-family: Arial, sans-serif;\">Nast\u0119pnie odby\u0142o si\u0119 uroczyste wr\u0119czenie list\u00f3w gratulacyjnych dla uczni\u00f3w, kt\u00f3rzy otrzymali stypendia od Prezydenta P\u0142ocka za wybitne osi\u0105gni\u0119cia w nauce oraz sporcie. <\/span><span style=\"font-family: Arial, sans-serif;\">A\u017c 98 uczni\u00f3w zosta\u0142o wyr\u00f3\u017cnionych! Ka\u017cdy z nich mia\u0142 okazj\u0119 przej\u015b\u0107 po czerwonym dywanie przy d\u017awi\u0119kach fanfar, co nada\u0142o tej chwili wyj\u0105tkowo podnios\u0142y charakter. By\u0142 to moment pe\u0142en dumy i wzrusze\u0144 \u2013 zar\u00f3wno dla nagrodzonych, jak i ich nauczycieli.<\/span><\/span><\/p>\n<p lang=\"zxx\"><span style=\"color: #000000;\">\u201e<span style=\"font-family: Arial, sans-serif;\">Ferie zimowe bez ekranu\u201d<\/span><\/span><\/p>\n<p lang=\"zxx\"><span style=\"color: #000000;\"><span style=\"font-family: Arial, sans-serif;\">Na zako\u0144czenie przedstawiciele Samorz\u0105du Uczniowskiego wraz z opiekunem og\u0142osili wyniki konkursu dla uczni\u00f3w klas 1\u20138 pt. \u201eFerie zimowe bez ekranu\u201d. <\/span><span style=\"font-family: Arial, sans-serif;\">Wszyscy uczestnicy otrzymali dyplomy za udzia\u0142 oraz nagrody pocieszenia. Zwyci\u0119zcy w trzech kategoriach wiekowych (klasy 1\u20133, 4\u20136 oraz 7\u20138) zostali nagrodzeni dyplomami zwyci\u0119zc\u00f3w oraz atrakcyjnymi nagrodami rzeczowymi.<\/span><\/span><\/p>\n<p lang=\"zxx\"><span style=\"font-family: Arial, sans-serif; color: #000000;\">To by\u0142 naprawd\u0119 wyj\u0105tkowy Apel Sukcesu \u2013 pe\u0142en rado\u015bci, wzrusze\u0144 i dumy z licznych osi\u0105gni\u0119\u0107 naszych uczni\u00f3w. Tego dnia \u015bwi\u0119towali\u015bmy kreatywno\u015b\u0107, zaanga\u017cowanie, pracowito\u015b\u0107 i sportowego ducha. Takie chwile pokazuj\u0105, jak wiele talent\u00f3w rozwija si\u0119 w murach naszej szko\u0142y i jak wspania\u0142\u0105 spo\u0142eczno\u015b\u0107 wsp\u00f3lnie tworzymy.<\/span><\/p>\n<p><span style=\"color: #000000;\"><em>Koordynator przedsi\u0119wzi\u0119cia: Celina Krysi\u0144ska<\/em><\/span><\/p>\n<p><span style=\"color: #000000;\"><em>Opracowanie materia\u0142u: Celina Krysi\u0144ska<\/em><\/span><\/p>\nngg_shortcode_0_placeholder\n","protected":false},"excerpt":{"rendered":"<p>&#46;&#46;&#46;<\/p>\n","protected":false},"author":8,"featured_media":13927,"comment_status":"open","ping_status":"open","sticky":false,"template":"","format":"standard","meta":{"ngg_post_thumbnail":0,"footnotes":""},"categories":[1],"tags":[],"class_list":["post-13926","post","type-post","status-publish","format-standard","has-post-thumbnail","hentry","category-wiadomosci"],"_links":{"self":[{"href":"https:\/\/sp22.pl\/nowa\/index.php\/wp-json\/wp\/v2\/posts\/13926","targetHints":{"allow":["GET"]}}],"collection":[{"href":"https:\/\/sp22.pl\/nowa\/index.php\/wp-json\/wp\/v2\/posts"}],"about":[{"href":"https:\/\/sp22.pl\/nowa\/index.php\/wp-json\/wp\/v2\/types\/post"}],"author":[{"embeddable":true,"href":"https:\/\/sp22.pl\/nowa\/index.php\/wp-json\/wp\/v2\/users\/8"}],"replies":[{"embeddable":true,"href":"https:\/\/sp22.pl\/nowa\/index.php\/wp-json\/wp\/v2\/comments?post=13926"}],"version-history":[{"count":2,"href":"https:\/\/sp22.pl\/nowa\/index.php\/wp-json\/wp\/v2\/posts\/13926\/revisions"}],"predecessor-version":[{"id":13929,"href":"https:\/\/sp22.pl\/nowa\/index.php\/wp-json\/wp\/v2\/posts\/13926\/revisions\/13929"}],"wp:featuredmedia":[{"embeddable":true,"href":"https:\/\/sp22.pl\/nowa\/index.php\/wp-json\/wp\/v2\/media\/13927"}],"wp:attachment":[{"href":"https:\/\/sp22.pl\/nowa\/index.php\/wp-json\/wp\/v2\/media?parent=13926"}],"wp:term":[{"taxonomy":"category","embeddable":true,"href":"https:\/\/sp22.pl\/nowa\/index.php\/wp-json\/wp\/v2\/categories?post=13926"},{"taxonomy":"post_tag","embeddable":true,"href":"https:\/\/sp22.pl\/nowa\/index.php\/wp-json\/wp\/v2\/tags?post=13926"}],"curies":[{"name":"wp","href":"https:\/\/api.w.org\/{rel}","templated":true}]}}