{"id":13890,"date":"2026-03-03T20:29:23","date_gmt":"2026-03-03T19:29:23","guid":{"rendered":"https:\/\/sp22.pl\/nowa\/?p=13890"},"modified":"2026-03-20T05:16:57","modified_gmt":"2026-03-20T04:16:57","slug":"konkurs-na-logo-szkoly-rozstrzygniety","status":"publish","type":"post","link":"https:\/\/sp22.pl\/nowa\/index.php\/2026\/03\/03\/konkurs-na-logo-szkoly-rozstrzygniety\/","title":{"rendered":"Konkurs na logo szko\u0142y rozstrzygni\u0119ty!"},"content":{"rendered":"<p><span style=\"font-family: Arial, sans-serif; color: #000000;\"><span style=\"font-size: medium;\">Z przyjemno\u015bci\u0105 informujemy, \u017ce zosta\u0142 rozstrzygni\u0119ty konkurs na nowe logo naszej Szko\u0142y, kt\u00f3rego organizatorem by\u0142a Rada Rodzic\u00f3w. Zwyci\u0119zc\u0105 konkursu zosta\u0142 Jan Grabowski z klasy 5d!<\/span><\/span><\/p>\n<p><span style=\"font-family: Arial, sans-serif; color: #000000;\"><span style=\"font-size: medium;\">Prace ocenia\u0142o jury w sk\u0142adzie: Wicedyrektorzy Szko\u0142y, <span style=\"color: #000000;\">Nauczyciele<\/span> plastyki, przedstawiciele Rady Rodzic\u00f3w oraz przedstawiciele Uczni\u00f3w. Komisja bra\u0142a pod uwag\u0119 zgodno\u015b\u0107 projektu z misj\u0105 szko\u0142y, jego czytelno\u015b\u0107, estetyk\u0119 oraz oryginalno\u015b\u0107.<\/span><\/span><\/p>\n<p><span style=\"font-family: Arial, sans-serif; color: #000000;\"><span style=\"font-size: medium;\">Zwyci\u0119skie logo w nowoczesny i czytelny spos\u00f3b oddaje charakter naszej plac\u00f3wki. Otwarta ksi\u0119ga symbolizuje wiedz\u0119 i rozw\u00f3j, korona z literami JK nawi\u0105zuje do patrona szko\u0142y i warto\u015bci, kt\u00f3re reprezentowa\u0142, a trzy postacie trzymaj\u0105ce si\u0119 za r\u0119ce podkre\u015blaj\u0105 integracyjny charakter szko\u0142y i wsp\u00f3lnot\u0119 uczni\u00f3w. Zastosowana kolorystyka nawi\u0105zuje do barw P\u0142ocka oraz symbolizuje energi\u0119, zaanga\u017cowanie, rozw\u00f3j i bezpiecze\u0144stwo.<\/span><\/span><\/p>\n<p><span style=\"font-family: Arial, sans-serif; color: #000000;\"><span style=\"font-size: medium;\">Dzi\u0119kujemy wszystkim Uczestnikom za zaanga\u017cowanie i gratulujemy Jankowi zwyci\u0119skiego projektu.<\/span><\/span><\/p>\n<p><span style=\"color: #000000;\">Szczeg\u00f3lne podzi\u0119kowania sk\u0142adamy Radzie Rodzic\u00f3w za ufundowanie wyj\u0105tkowej nagrody w konkursie \u2014 sesji fotograficznej dla zwyci\u0119zcy.&nbsp; Dzi\u0119ki Pa\u0144stwa wsparciu konkurs sta\u0142 si\u0119 jeszcze bardziej wyj\u0105tkowy, a szko\u0142a zyska\u0142a nowe logo \u2014 w\u0142asny znak i symbol, z kt\u00f3rym mo\u017ce si\u0119 uto\u017csamia\u0107 ca\u0142a spo\u0142eczno\u015b\u0107 szkolna.&nbsp;<\/span><\/p>\n<p><span style=\"color: #000000;\">Zapraszamy do wys\u0142uchania <a href=\"https:\/\/suno.com\/song\/2655f33d-3f48-4324-a666-ae79066a013a?sh=Y8Bb4YsR0a92LAu0&amp;__clerk_handshake=eyJhbGciOiJSUzI1NiIsInR5cCI6IkpXVCJ9.eyJzdW5vLmNvbS9jbGFpbXMvdG9rZW5fdHlwZSI6ImhhbmRzaGFrZSIsImlzcyI6Imh0dHBzOi8vYXV0aC5zdW5vLmNvbSIsImhhbmRzaGFrZSI6WyJfX3Nlc3Npb249OyBEb21haW49c3Vuby5jb207IGV4cGlyZXM9VGh1LCAwMSBKYW4gMTk3MCAwMDowMDowMCBHTVQ7IEh0dHBPbmx5OyBNYXgtQWdlPTA7IFNhbWVTaXRlPUxheDsgU2VjdXJlIiwiX19jbGllbnRfdWF0PTA7IERvbWFpbj1zdW5vLmNvbTsgTWF4LUFnZT0zMTUzNjAwMDsgU2FtZVNpdGU9TGF4OyBTZWN1cmUiLCJfX2NsZXJrX2hhbmRzaGFrZT07IGV4cGlyZXM9VGh1LCAwMSBKYW4gMTk3MCAwMDowMDowMCBHTVQ7IEh0dHBPbmx5OyBNYXgtQWdlPTA7IFNhbWVTaXRlPUxheDsgU2VjdXJlIl19.Wk-j4XlHWXsRDeB7X5ZRr1gcBaLKa5KgXufMy-zyv3QhwGOd8GuImgDTXrd9Lvl0-6z6kX3vgFmOD4UqHPSjE2KKTcPe7d5mLhtflpkjNBruKE11LPoF5MCeRwccAvMMN1Zz_Piph9S3xHR8qf-Mfh7MmFC2QcAYjrjYxi2Ea1WkxWjEhC7hoje5qolMRbWnZfXGMshK0U0CtZig6-Kq0lkBCOW2c6ZEdRiEHL8itSgXFY58uIoR9mypIuk0tiJtPZdfo2nVqwqqKx10-pH3Fl3wAUt9-i8XWzAkMGkdU1GDGeCQOWgaQoS1RFrPAZvh86junSK5z6-qMtEk3B-fYA\">piosenki o naszej Szkole<\/a>.&nbsp;<\/span><\/p>\n<p><em><span style=\"color: #000000;\">Opracowanie materia\u0142u: Beata Michalak<\/span><\/em><\/p>\nngg_shortcode_0_placeholder\n","protected":false},"excerpt":{"rendered":"<p>&#46;&#46;&#46;<\/p>\n","protected":false},"author":8,"featured_media":13932,"comment_status":"open","ping_status":"open","sticky":false,"template":"","format":"standard","meta":{"ngg_post_thumbnail":0,"footnotes":""},"categories":[1],"tags":[],"class_list":["post-13890","post","type-post","status-publish","format-standard","has-post-thumbnail","hentry","category-wiadomosci"],"_links":{"self":[{"href":"https:\/\/sp22.pl\/nowa\/index.php\/wp-json\/wp\/v2\/posts\/13890","targetHints":{"allow":["GET"]}}],"collection":[{"href":"https:\/\/sp22.pl\/nowa\/index.php\/wp-json\/wp\/v2\/posts"}],"about":[{"href":"https:\/\/sp22.pl\/nowa\/index.php\/wp-json\/wp\/v2\/types\/post"}],"author":[{"embeddable":true,"href":"https:\/\/sp22.pl\/nowa\/index.php\/wp-json\/wp\/v2\/users\/8"}],"replies":[{"embeddable":true,"href":"https:\/\/sp22.pl\/nowa\/index.php\/wp-json\/wp\/v2\/comments?post=13890"}],"version-history":[{"count":10,"href":"https:\/\/sp22.pl\/nowa\/index.php\/wp-json\/wp\/v2\/posts\/13890\/revisions"}],"predecessor-version":[{"id":14139,"href":"https:\/\/sp22.pl\/nowa\/index.php\/wp-json\/wp\/v2\/posts\/13890\/revisions\/14139"}],"wp:featuredmedia":[{"embeddable":true,"href":"https:\/\/sp22.pl\/nowa\/index.php\/wp-json\/wp\/v2\/media\/13932"}],"wp:attachment":[{"href":"https:\/\/sp22.pl\/nowa\/index.php\/wp-json\/wp\/v2\/media?parent=13890"}],"wp:term":[{"taxonomy":"category","embeddable":true,"href":"https:\/\/sp22.pl\/nowa\/index.php\/wp-json\/wp\/v2\/categories?post=13890"},{"taxonomy":"post_tag","embeddable":true,"href":"https:\/\/sp22.pl\/nowa\/index.php\/wp-json\/wp\/v2\/tags?post=13890"}],"curies":[{"name":"wp","href":"https:\/\/api.w.org\/{rel}","templated":true}]}}