{"id":13565,"date":"2026-01-20T19:04:09","date_gmt":"2026-01-20T18:04:09","guid":{"rendered":"https:\/\/sp22.pl\/nowa\/?p=13565"},"modified":"2026-02-04T18:05:00","modified_gmt":"2026-02-04T17:05:00","slug":"dzien-patrona-szkoly-2","status":"publish","type":"post","link":"https:\/\/sp22.pl\/nowa\/index.php\/2026\/01\/20\/dzien-patrona-szkoly-2\/","title":{"rendered":"Dzie\u0144 Patrona Szko\u0142y"},"content":{"rendered":"<p><span style=\"font-family: Times New Roman, serif;\"><span style=\"font-size: medium;\"><span style=\"color: #000000;\"><span style=\"font-family: Arial, sans-serif;\">Z okazji <\/span><\/span><span style=\"color: #000000;\"><span style=\"font-family: Arial, sans-serif;\">Dnia Patrona<\/span><\/span><span style=\"color: #000000;\"><span style=\"font-family: Arial, sans-serif;\"> Uczniowie klas pierwszych zostali zaproszeni na wyj\u0105tkowe przedstawienie pt.<br \/>\n<\/span><\/span><span style=\"color: #000000;\"><span style=\"font-family: Arial, sans-serif;\">\u201eJanusz Korczak \u2013 patron dzieci\u0119cych marze\u0144\u201d<\/span><\/span><span style=\"color: #000000;\"><span style=\"font-family: Arial, sans-serif;\">.<\/span><\/span><\/span><\/span><\/p>\n<p><span style=\"font-family: Times New Roman, serif;\"><span style=\"font-size: medium;\"><span style=\"color: #000000;\"><span style=\"font-family: Arial, sans-serif;\">By\u0142a to niezwyk\u0142a podr\u00f3\u017c w czasie \u2013 zar\u00f3wno w przesz\u0142o\u015b\u0107, jak i w przysz\u0142o\u015b\u0107. G\u0142\u00f3wna bohaterka, <\/span><\/span><span style=\"color: #000000;\"><span style=\"font-family: Arial, sans-serif;\">Stefcia<\/span><\/span><span style=\"color: #000000;\"><span style=\"font-family: Arial, sans-serif;\"> \u2013 dziewczynka z Domu Sierot prowadzonego przez Janusza Korczaka \u2013 przenios\u0142a si\u0119 a\u017c do roku <\/span><\/span><span style=\"color: #000000;\"><span style=\"font-family: Arial, sans-serif;\">3026<\/span><\/span><span style=\"color: #000000;\"><span style=\"font-family: Arial, sans-serif;\">. Opowiada\u0142a dzieciom<br \/>\nz przysz\u0142o\u015bci, kim by\u0142 Janusz Korczak i jakim by\u0142 cz\u0142owiekiem, a one z kolei przybli\u017cy\u0142y jej realia swojego nowoczesnego \u015bwiata.<\/span><\/span><\/span><\/span><\/p>\n<p><span style=\"font-family: Times New Roman, serif;\"><span style=\"font-size: medium;\"><span style=\"color: #000000;\"><span style=\"font-family: Arial, sans-serif;\">Dzi\u0119ki <\/span><\/span><span style=\"color: #000000;\"><span style=\"font-family: Arial, sans-serif;\">magicznemu radiu czasu<\/span><\/span><span style=\"color: #000000;\"><span style=\"font-family: Arial, sans-serif;\"> widzowie mieli okazj\u0119 wys\u0142ucha\u0107 niezwyk\u0142ego wywiadu z samym Januszem Korczakiem. Na scenie pojawi\u0142 si\u0119 r\u00f3wnie\u017c <\/span><\/span><span style=\"color: #000000;\"><span style=\"font-family: Arial, sans-serif;\">Kr\u00f3l Maciu\u015b Pierwszy<\/span><\/span><span style=\"color: #000000;\"><span style=\"font-family: Arial, sans-serif;\">, bohater jednej z najs\u0142ynniejszych ksi\u0105\u017cek autora, kt\u00f3ry opowiedzia\u0142, dlaczego warto marzy\u0107 i jaki ma plan odbudowy \u015bwiata opartego na szacunku, odpowiedzialno\u015bci i dzieci\u0119cej wra\u017cliwo\u015bci.<\/span><\/span><\/span><\/span><\/p>\n<p><span style=\"font-family: Times New Roman, serif;\"><span style=\"font-size: medium;\"><span style=\"color: #000000;\"><span style=\"font-family: Arial, sans-serif;\">Szczeg\u00f3lnym momentem by\u0142o <\/span><\/span><span style=\"color: #000000;\"><span style=\"font-family: Arial, sans-serif;\">pasowanie pierwszoklasist\u00f3w na Uczni\u00f3w Janusza Korczaka<\/span><\/span><span style=\"color: #000000;\"><span style=\"font-family: Arial, sans-serif;\">, poprzedzone uroczystym z\u0142o\u017ceniem przysi\u0119gi. Dzieci przynios\u0142y ze sob\u0105 w\u0142asnor\u0119cznie narysowane marzenia, a nadworny kucharz zdradzi\u0142 przepis na ich szybkie spe\u0142nienie. Wr\u00f3\u017cki zadba\u0142y o to, by ka\u017cde marzenie zosta\u0142o opr\u00f3szone zaczarowanym py\u0142em.<\/span><\/span><\/span><\/span><\/p>\n<p><span style=\"font-family: Times New Roman, serif;\"><span style=\"font-size: medium;\"><span style=\"color: #000000;\"><span style=\"font-family: Arial, sans-serif;\">Zwie\u0144czeniem przedstawienia by\u0142a prezentacja o naszej szkole, wzbogacona o zdj\u0119cia publiczno\u015bci \u2013 czyli naszych u\u015bmiechni\u0119tych pierwszoklasist\u00f3w.<\/span><\/span><\/span><\/span><\/p>\n<p><span style=\"color: #000000;\">\u201e<span style=\"font-family: Times New Roman, serif;\"><span style=\"font-size: medium;\"><span style=\"font-family: Arial, sans-serif;\">Kiedy \u015bmieje si\u0119 dziecko, \u015bmieje si\u0119 ca\u0142y \u015bwiat.\u201d<\/span><\/span><\/span><\/span><span style=\"color: #000000;\"><span style=\"font-family: Arial, sans-serif;\"><span style=\"font-size: medium;\"><br \/>\n<\/span><\/span><\/span><i><span style=\"color: #000000;\"><span style=\"font-family: Arial, sans-serif;\"><span style=\"font-size: medium;\">Janusz Korczak<\/span><\/span><\/span><\/i><\/p>\n<p><span style=\"font-family: Times New Roman, serif;\"><span style=\"font-size: medium;\"><span style=\"color: #000000;\"><span style=\"font-family: Arial, sans-serif;\">Janusz Korczak jest patronem naszej szko\u0142y, poniewa\u017c ca\u0142ym swoim \u017cyciem i tw\u00f3rczo\u015bci\u0105 uczy\u0142 <\/span><\/span><span style=\"color: #000000;\"><span style=\"font-family: Arial, sans-serif;\">szacunku do dziecka<\/span><\/span><span style=\"color: #000000;\"><span style=\"font-family: Arial, sans-serif;\">, wiary w jego mo\u017cliwo\u015bci oraz prawa do marze\u0144, godno\u015bci i rado\u015bci. Jego warto\u015bci s\u0105 nam bliskie i stanowi\u0105 fundament wychowania, kt\u00f3re stawiamy w centrum szkolnej codzienno\u015bci.<\/span><\/span><\/span><\/span><\/p>\n<p>&nbsp;<\/p>\n<p><em><span style=\"color: #000000;\"><span style=\"font-family: Arial, sans-serif;\"><span style=\"font-size: medium;\">Opracowanie materia\u0142u i koordynator przedsi\u0119wzi\u0119cia: Martyna Skrodzka<\/span><\/span><\/span><\/em><\/p>\nngg_shortcode_0_placeholder\n","protected":false},"excerpt":{"rendered":"<p>&#46;&#46;&#46;<\/p>\n","protected":false},"author":9,"featured_media":13568,"comment_status":"open","ping_status":"open","sticky":false,"template":"","format":"standard","meta":{"ngg_post_thumbnail":0,"footnotes":""},"categories":[1],"tags":[],"class_list":["post-13565","post","type-post","status-publish","format-standard","has-post-thumbnail","hentry","category-wiadomosci"],"_links":{"self":[{"href":"https:\/\/sp22.pl\/nowa\/index.php\/wp-json\/wp\/v2\/posts\/13565","targetHints":{"allow":["GET"]}}],"collection":[{"href":"https:\/\/sp22.pl\/nowa\/index.php\/wp-json\/wp\/v2\/posts"}],"about":[{"href":"https:\/\/sp22.pl\/nowa\/index.php\/wp-json\/wp\/v2\/types\/post"}],"author":[{"embeddable":true,"href":"https:\/\/sp22.pl\/nowa\/index.php\/wp-json\/wp\/v2\/users\/9"}],"replies":[{"embeddable":true,"href":"https:\/\/sp22.pl\/nowa\/index.php\/wp-json\/wp\/v2\/comments?post=13565"}],"version-history":[{"count":6,"href":"https:\/\/sp22.pl\/nowa\/index.php\/wp-json\/wp\/v2\/posts\/13565\/revisions"}],"predecessor-version":[{"id":13572,"href":"https:\/\/sp22.pl\/nowa\/index.php\/wp-json\/wp\/v2\/posts\/13565\/revisions\/13572"}],"wp:featuredmedia":[{"embeddable":true,"href":"https:\/\/sp22.pl\/nowa\/index.php\/wp-json\/wp\/v2\/media\/13568"}],"wp:attachment":[{"href":"https:\/\/sp22.pl\/nowa\/index.php\/wp-json\/wp\/v2\/media?parent=13565"}],"wp:term":[{"taxonomy":"category","embeddable":true,"href":"https:\/\/sp22.pl\/nowa\/index.php\/wp-json\/wp\/v2\/categories?post=13565"},{"taxonomy":"post_tag","embeddable":true,"href":"https:\/\/sp22.pl\/nowa\/index.php\/wp-json\/wp\/v2\/tags?post=13565"}],"curies":[{"name":"wp","href":"https:\/\/api.w.org\/{rel}","templated":true}]}}