{"id":13511,"date":"2026-01-26T23:21:00","date_gmt":"2026-01-26T22:21:00","guid":{"rendered":"https:\/\/sp22.pl\/nowa\/?p=13511"},"modified":"2026-02-25T09:20:37","modified_gmt":"2026-02-25T08:20:37","slug":"rekrutacja-do-klasy-4-o-profilu-plywackim-na-rok-szkolny-2026-2027","status":"publish","type":"post","link":"https:\/\/sp22.pl\/nowa\/index.php\/2026\/01\/26\/rekrutacja-do-klasy-4-o-profilu-plywackim-na-rok-szkolny-2026-2027\/","title":{"rendered":"Rekrutacja do klasy 4 o profilu p\u0142ywackim na rok szkolny 2026\/2027"},"content":{"rendered":"<p><img loading=\"lazy\" decoding=\"async\" class=\"wp-image-13512 aligncenter\" src=\"https:\/\/sp22.pl\/nowa\/wp-content\/uploads\/2026\/01\/rekrutacja_klasa_sportowa_plywacka_2026_2027.png\" alt=\"\" width=\"758\" height=\"348\" srcset=\"https:\/\/sp22.pl\/nowa\/wp-content\/uploads\/2026\/01\/rekrutacja_klasa_sportowa_plywacka_2026_2027.png 980w, https:\/\/sp22.pl\/nowa\/wp-content\/uploads\/2026\/01\/rekrutacja_klasa_sportowa_plywacka_2026_2027-300x138.png 300w, https:\/\/sp22.pl\/nowa\/wp-content\/uploads\/2026\/01\/rekrutacja_klasa_sportowa_plywacka_2026_2027-768x353.png 768w\" sizes=\"auto, (max-width: 758px) 100vw, 758px\" \/><\/p>\n<p>&nbsp;<\/p>\n<p style=\"text-align: center;\"><strong><span style=\"color: #000000;\">Dyrektor Szko\u0142y Podstawowej z Oddzia\u0142ami Integracyjnymi nr 22 w P\u0142ocku<\/span><\/strong><\/p>\n<p style=\"text-align: center;\"><strong><span style=\"color: #0000ff;\">og\u0142asza nab\u00f3r do oddzia\u0142u sportowego o profilu p\u0142ywackim na rok szkolny 2026\/2027<\/span><\/strong><\/p>\n<p><span style=\"color: #000000;\">O przyj\u0119cie do oddzia\u0142u sportowego mog\u0105 ubiega\u0107 si\u0119 kandydaci, kt\u00f3rzy:<\/span><\/p>\n<ol>\n<li><span style=\"color: #000000;\">w czerwcu 2026 roku uko\u0144cz\u0105 3 klas\u0119 szko\u0142y podstawowej;<\/span><\/li>\n<li><span style=\"color: #000000;\">posiadaj\u0105 stan zdrowia umo\u017cliwiaj\u0105cy podj\u0119cie nauki w oddziale sportowy, potwierdzony orzeczeniem lekarskim wydanym przez lekarza podstawowej opieki zdrowotnej;<\/span><\/li>\n<li><span style=\"color: #000000;\">posiadaj\u0105 pisemn\u0105 zgod\u0119 rodzica na ucz\u0119szczanie kandydata do oddzia\u0142u sportowego;<\/span><\/li>\n<li><span style=\"color: #000000;\">uzyskali pozytywne wyniki pr\u00f3b sprawno\u015bci fizycznej, na warunkach ustalonych przez Polski zwi\u0105zek sportowy w zakresie p\u0142ywania.<\/span><\/li>\n<\/ol>\n<p><span style=\"color: #000000;\">Wype\u0142niony wniosek o przyj\u0119cie do oddzia\u0142u sportowego, pisemn\u0105 zgod\u0119 rodzic\u00f3w na ucz\u0119szczanie kandydata do oddzia\u0142u sportowego oraz orzeczenie lekarskie wydane przez lekarza podstawowej opieki zdrowotnej potwierdzaj\u0105ce stan zdrowia umo\u017cliwiaj\u0105cy podj\u0119cie nauki w oddziale sportowym nale\u017cy z\u0142o\u017cy\u0107 w sekretariacie szko\u0142y w terminie:<\/span><\/p>\n<p><span style=\"color: #0000ff;\"><strong>od 16 lutego 2026 r. godz. 9.00 do 20 lutego 2026 r. godz. 15.00<\/strong><\/span><\/p>\n<p><span style=\"color: #000000;\">Druki wniosk\u00f3w o przyj\u0119cie do oddzia\u0142u sportowego oraz druki zgody rodzic\u00f3w na ucz\u0119szczanie do oddzia\u0142u sportowego mo\u017cna pobra\u0107:<\/span><\/p>\n<p><span style=\"color: #000000;\">&#8211; w sekretariacie szko\u0142y,<\/span><\/p>\n<p><span style=\"color: #000000;\">&#8211; bezpo\u015brednio u nauczyciela w-f Pana Paw\u0142a Suli\u0144skiego,<\/span><\/p>\n<p><span style=\"color: #000000;\">&#8211; ze strony internetowej szko\u0142y&nbsp;<\/span><\/p>\n<p><strong><span style=\"color: #0000ff;\"><u>Terminy pr\u00f3b sprawno\u015bci fizycznych do oddzia\u0142u sportowego odb\u0119d\u0105 si\u0119:<\/u><\/span><\/strong><\/p>\n<p><span style=\"color: #000000;\">-w post\u0119powaniu rekrutacyjnym- 23 lutego 2026 r., godz.9.00<\/span><\/p>\n<p><span style=\"color: #000000;\">-w post\u0119powaniu uzupe\u0142niaj\u0105cym &#8211; 13 kwietnia 2026 r., godz.9.00<\/span><\/p>\n<p><span style=\"color: #000000;\"><strong>Informacje dotycz\u0105ce szczeg\u00f3\u0142owego harmonogramu post\u0119powania rekrutacyjnego oraz druki do pobrania&nbsp;<\/strong><\/span><\/p>\n<ul>\n<li><em><a href=\"https:\/\/nowybip.plock.eu\/dokumenty\/nowybip\/dok\/2026\/WrHUrrZb\/a9b1e654256023e03d86a4974800b961.pdf\"><span style=\"color: #000000;\">Zarz\u0105dzenie Nr 1534\/2026Prezydenta Miasta P\u0142ocka z dnia 15 stycznia 2026 roku w sprawie okre\u015blenia termin\u00f3w przeprowadzenia post\u0119powania rekrutacyjnego i post\u0119powania uzupe\u0142niaj\u0105cego, w tym termin\u00f3w sk\u0142adania dokument\u00f3w, na rok szkolny 2026\/2027 do oddzia\u0142\u00f3w sportowych w publicznych szko\u0142ach podstawowych, dla kt\u00f3rych organem prowadz\u0105cym jest Gmina Miasto P\u0142ock.&nbsp;<\/span><\/a><\/em><\/li>\n<\/ul>\n<p>&nbsp;<\/p>\n<ul>\n<li><span style=\"color: #000000;\">&nbsp;<a style=\"color: #000000;\" href=\"https:\/\/sp22.pl\/nowa\/wp-content\/uploads\/Pliki\/Do_pobrania_static\/Tworzenie%20strony%20www\/Dokumenty%20szkolne\/Regulaminy2025-26\/oddzia%C5%82_sportowy_regulamin_rekrutacji_na_rok_szkolny_2026_2027.docx\"><em>Regulamin rekrutacji do oddzia\u0142u sportowego Szko\u0142y Podstawowej Nr 22 im. Janusza Korczaka w P\u0142ocku na rok szkolny 2026\/2027 \/docx 6,57 MB\/<\/em><\/a><\/span><\/li>\n<\/ul>\n<p>&nbsp;<\/p>\n<ul>\n<li><a href=\"https:\/\/sp22.pl\/nowa\/wp-content\/uploads\/Pliki\/Do_pobrania_static\/Tworzenie%20strony%20www\/Dokumenty%20szkolne\/Regulaminy2025-26\/oddzia%C5%82_sportowy_wniosek_o_przyj%C4%99cie_na_rok_2026_2027.docx\"><span style=\"color: #000000;\"><em>Wniosek o przyj\u0119cie dziecka do oddzia\u0142u sportowego&nbsp; \/docx 5.70 KB\/<\/em><\/span><\/a><\/li>\n<\/ul>\n<p>&nbsp;<\/p>\n<ul>\n<li><a href=\"https:\/\/sp22.pl\/nowa\/wp-content\/uploads\/Pliki\/Do_pobrania_static\/Tworzenie%20strony%20www\/Dokumenty%20szkolne\/Regulaminy2025-26\/oddzia%C5%82_sportowy_zgoda_rodzic%C3%B3w_2026_2027.docx\"><span style=\"color: #000000;\"><em>Zgoda rodzic<\/em><em>\u00f3w\/opiekun\u00f3w prawnych na ucz\u0119szczanie kandydata do oddzia\u0142u sportowego<\/em><em>\/docx 14,7 KB\/<\/em><\/span><\/a><\/li>\n<\/ul>\n<p><span style=\"color: #000000;\"><strong>&nbsp;<\/strong><\/span><\/p>\n<p><span style=\"color: #000000;\"><strong>&nbsp;<\/strong><\/span><\/p>\n","protected":false},"excerpt":{"rendered":"<p>&#46;&#46;&#46;<\/p>\n","protected":false},"author":4,"featured_media":13512,"comment_status":"open","ping_status":"open","sticky":false,"template":"","format":"standard","meta":{"ngg_post_thumbnail":0,"footnotes":""},"categories":[1],"tags":[],"class_list":["post-13511","post","type-post","status-publish","format-standard","has-post-thumbnail","hentry","category-wiadomosci"],"_links":{"self":[{"href":"https:\/\/sp22.pl\/nowa\/index.php\/wp-json\/wp\/v2\/posts\/13511","targetHints":{"allow":["GET"]}}],"collection":[{"href":"https:\/\/sp22.pl\/nowa\/index.php\/wp-json\/wp\/v2\/posts"}],"about":[{"href":"https:\/\/sp22.pl\/nowa\/index.php\/wp-json\/wp\/v2\/types\/post"}],"author":[{"embeddable":true,"href":"https:\/\/sp22.pl\/nowa\/index.php\/wp-json\/wp\/v2\/users\/4"}],"replies":[{"embeddable":true,"href":"https:\/\/sp22.pl\/nowa\/index.php\/wp-json\/wp\/v2\/comments?post=13511"}],"version-history":[{"count":7,"href":"https:\/\/sp22.pl\/nowa\/index.php\/wp-json\/wp\/v2\/posts\/13511\/revisions"}],"predecessor-version":[{"id":13519,"href":"https:\/\/sp22.pl\/nowa\/index.php\/wp-json\/wp\/v2\/posts\/13511\/revisions\/13519"}],"wp:featuredmedia":[{"embeddable":true,"href":"https:\/\/sp22.pl\/nowa\/index.php\/wp-json\/wp\/v2\/media\/13512"}],"wp:attachment":[{"href":"https:\/\/sp22.pl\/nowa\/index.php\/wp-json\/wp\/v2\/media?parent=13511"}],"wp:term":[{"taxonomy":"category","embeddable":true,"href":"https:\/\/sp22.pl\/nowa\/index.php\/wp-json\/wp\/v2\/categories?post=13511"},{"taxonomy":"post_tag","embeddable":true,"href":"https:\/\/sp22.pl\/nowa\/index.php\/wp-json\/wp\/v2\/tags?post=13511"}],"curies":[{"name":"wp","href":"https:\/\/api.w.org\/{rel}","templated":true}]}}