{"id":13428,"date":"2026-01-08T20:45:29","date_gmt":"2026-01-08T19:45:29","guid":{"rendered":"https:\/\/sp22.pl\/nowa\/?p=13428"},"modified":"2026-01-09T15:29:12","modified_gmt":"2026-01-09T14:29:12","slug":"bozonarodzeniowe-koledowanie-2","status":"publish","type":"post","link":"https:\/\/sp22.pl\/nowa\/index.php\/2026\/01\/08\/bozonarodzeniowe-koledowanie-2\/","title":{"rendered":"Bo\u017conarodzeniowe kol\u0119dowanie"},"content":{"rendered":"<p><span style=\"font-family: 'Times New Roman', serif; color: #000000;\"><span style=\"font-size: medium;\"><span style=\"font-family: Tahoma, serif;\">Okres \u015awi\u0105t Bo\u017cego Narodzenia to czas pe\u0142en rado\u015bci, pi\u0119kna oraz magii, a tak\u017ce czas spe\u0142niania marze\u0144 i okazywania sobie wzajemnie mi\u0142o\u015bci. Aby podkre\u015bli\u0107 wyj\u0105tkowy charakter tych \u015bwi\u0105t, <\/span><span style=\"font-family: Tahoma, serif;\">Uczniowie naszej szko\u0142y z klasy 5 c przygotowali przedstawienie<\/span><span style=\"font-family: Tahoma, serif;\">, kt\u00f3re odby\u0142o si\u0119<\/span><span style=\"font-family: Tahoma, serif;\"> w pi\u0105tek 19 grudnia. Aktorzy, w kolejnych scenach, zaprezentowali histori\u0119 <\/span><span style=\"font-family: Tahoma, serif;\">narodzin Pana Jezusa. Dzieci w przepi\u0119knych strojach wcieli\u0142y si\u0119 w rol\u0119 Maryi i J\u00f3zefa, anio\u0142k\u00f3w i pastuszk\u00f3w. M\u0142odzi arty\u015bci z du\u017cym przej\u0119ciem i zaanga\u017cowaniem wiernie odtwarzali swoje role oraz prezentowali umiej\u0119tno\u015bci recytatorskie. Inscenizacja przeplatana by\u0142a kol\u0119dami i pastora\u0142kami wykonanymi przez ch\u00f3r TuTu. Uroczysto\u015b\u0107 u\u015bwietni\u0142a <\/span><span style=\"font-family: Tahoma, serif;\">szkolna grupa taneczna pod kierunkiem Pa\u0144 Ewy i Anny Figurskich. Dzieci w strojach anio\u0142\u00f3w wykona\u0142y pi\u0119kny, nastrojowy taniec.<\/span><\/span><\/span><\/p>\n<p class=\"western\"><span style=\"font-family: Tahoma, serif; color: #000000;\"><span style=\"font-size: medium;\">Kolejny raz okaza\u0142o si\u0119, \u017ce takie wsp\u00f3lne spotkania, emocje i prze\u017cycia zbli\u017caj\u0105 ludzi, dzieciom za\u015b pokazuj\u0105, jak wa\u017cna jest tradycja \u015bwi\u0105t Bo\u017cego Narodzenia i jak bardzo rodzinne jest to \u015bwi\u0119to. <\/span><\/span><\/p>\n<p><span style=\"font-family: 'Times New Roman', serif; color: #000000;\"><span style=\"font-size: medium;\"><span style=\"font-family: Tahoma, serif;\">Kiedy artystyczna cz\u0119\u015b\u0107 dobieg\u0142a ko\u0144ca,<\/span><span style=\"font-family: Tahoma, serif;\"> rozstrzygni\u0119ty zosta\u0142 r\u00f3wnie\u017c etap szkolny konkursu diecezjalnego rodzinnych szopek bo\u017conarodzeniowych, kt\u00f3ry zorganizowali nauczyciele religii: Panie Anna Zdrojewska i Edyta Wo\u017aniak oraz ks. Piotr Szulc.<\/span><\/span><\/span><\/p>\n<p class=\"western\"><span style=\"font-family: Tahoma, serif; color: #000000;\"><span style=\"font-size: medium;\">Pani&nbsp;Edyta Wo\u017aniak wraz z Pani\u0105 Wicedyrektor Iwon\u0105 Ko\u0142odziejsk\u0105 wr\u0119czy\u0142y nagrody Laureatom. W tym roku szkolnym nagrodzeni zostali:<\/span><\/span><\/p>\n<p class=\"western\"><span style=\"font-family: Tahoma, serif; color: #000000;\"><span style=\"font-size: medium;\">I miejsce \u2013 Laura Urba\u0144ska (2 b)<\/span><\/span><\/p>\n<p class=\"western\"><span style=\"font-family: Tahoma, serif; color: #000000;\"><span style=\"font-size: medium;\">II miejsce \u2013 Barbara Sztupecka (5 e)<\/span><\/span><\/p>\n<p class=\"western\"><span style=\"font-family: Tahoma, serif; color: #000000;\"><span style=\"font-size: medium;\">III miejsce \u2013 Kataleja Olewnik (1 b)<\/span><\/span><\/p>\n<p class=\"western\"><span style=\"font-family: Tahoma, serif; color: #000000;\"><span style=\"font-size: medium;\">Przyznano r\u00f3wnie\u017c wyr\u00f3\u017cnienia, kt\u00f3re ufundowa\u0142a Dyrekcja Szko\u0142y. Natomiast nagrody dla zwyci\u0119zc\u00f3w przygotowa\u0142 ks. Piotr Szulc.<\/span><\/span><\/p>\n<p class=\"western\"><span style=\"font-family: Tahoma, serif; color: #000000;\"><span style=\"font-size: medium;\">Zwie\u0144czeniem uroczysto\u015bci by\u0142y najserdeczniejsze \u017cyczenia bo\u017conarodzeniowe i noworoczne, kt\u00f3re z\u0142o\u017cy\u0142a wszystkim Pani Dyrektor Marlena B\u0142achowicz.<\/span><\/span><\/p>\n<p class=\"western\"><span style=\"font-family: Tahoma, serif; color: #000000;\"><span style=\"font-size: medium;\">Bo\u017conarodzeniowe kol\u0119dowanie koordynowane by\u0142o przez Pani\u0105 Edyt\u0119 Wo\u017aniak we wsp\u00f3\u0142pracy z Pani\u0105 Justyn\u0105 Wawrzy\u0144sk\u0105, Pani\u0105 Ann\u0105 Figursk\u0105, Pani\u0105 Ew\u0105 Figursk\u0105, Pani\u0105 Ann\u0105 Zdrojewsk\u0105 i Panem \u0141ukaszem Grockim.<\/span><\/span><\/p>\n<p><span style=\"color: #000000;\"><em>Opracowanie materia\u0142u: Edyta Wo\u017aniak<\/em><i><\/i><\/span><\/p>\nngg_shortcode_0_placeholder\n","protected":false},"excerpt":{"rendered":"<p>&#46;&#46;&#46;<\/p>\n","protected":false},"author":8,"featured_media":13430,"comment_status":"open","ping_status":"open","sticky":false,"template":"","format":"standard","meta":{"ngg_post_thumbnail":0,"footnotes":""},"categories":[1],"tags":[],"class_list":["post-13428","post","type-post","status-publish","format-standard","has-post-thumbnail","hentry","category-wiadomosci"],"_links":{"self":[{"href":"https:\/\/sp22.pl\/nowa\/index.php\/wp-json\/wp\/v2\/posts\/13428","targetHints":{"allow":["GET"]}}],"collection":[{"href":"https:\/\/sp22.pl\/nowa\/index.php\/wp-json\/wp\/v2\/posts"}],"about":[{"href":"https:\/\/sp22.pl\/nowa\/index.php\/wp-json\/wp\/v2\/types\/post"}],"author":[{"embeddable":true,"href":"https:\/\/sp22.pl\/nowa\/index.php\/wp-json\/wp\/v2\/users\/8"}],"replies":[{"embeddable":true,"href":"https:\/\/sp22.pl\/nowa\/index.php\/wp-json\/wp\/v2\/comments?post=13428"}],"version-history":[{"count":3,"href":"https:\/\/sp22.pl\/nowa\/index.php\/wp-json\/wp\/v2\/posts\/13428\/revisions"}],"predecessor-version":[{"id":13432,"href":"https:\/\/sp22.pl\/nowa\/index.php\/wp-json\/wp\/v2\/posts\/13428\/revisions\/13432"}],"wp:featuredmedia":[{"embeddable":true,"href":"https:\/\/sp22.pl\/nowa\/index.php\/wp-json\/wp\/v2\/media\/13430"}],"wp:attachment":[{"href":"https:\/\/sp22.pl\/nowa\/index.php\/wp-json\/wp\/v2\/media?parent=13428"}],"wp:term":[{"taxonomy":"category","embeddable":true,"href":"https:\/\/sp22.pl\/nowa\/index.php\/wp-json\/wp\/v2\/categories?post=13428"},{"taxonomy":"post_tag","embeddable":true,"href":"https:\/\/sp22.pl\/nowa\/index.php\/wp-json\/wp\/v2\/tags?post=13428"}],"curies":[{"name":"wp","href":"https:\/\/api.w.org\/{rel}","templated":true}]}}