{"id":13412,"date":"2025-12-18T17:44:28","date_gmt":"2025-12-18T16:44:28","guid":{"rendered":"https:\/\/sp22.pl\/nowa\/?p=13412"},"modified":"2026-01-07T17:48:13","modified_gmt":"2026-01-07T16:48:13","slug":"swietlicowy-przeglad-koled-i-pastoralek","status":"publish","type":"post","link":"https:\/\/sp22.pl\/nowa\/index.php\/2025\/12\/18\/swietlicowy-przeglad-koled-i-pastoralek\/","title":{"rendered":"\u015awietlicowy Przegl\u0105d Kol\u0119d i Pastora\u0142ek"},"content":{"rendered":"<p class=\"western\" align=\"left\"><span style=\"color: #000000;\"><span style=\"font-family: Arial, sans-serif;\"><span style=\"font-size: medium;\">17 grudnia 2025 roku odby\u0142o si\u0119 uroczyste rozstrzygni\u0119cie \u015bwietlicowego Przegl\u0105du Kol\u0119d i Pastora\u0142ek. Koordynatorem tego przedsi\u0119wzi\u0119cia by\u0142a p. Agata Jasion, a osobami wsp\u00f3\u0142pracuj\u0105cymi- p. And\u017celika Staniszewska, p. Iwona J\u0119drzejewska i p. Marta Olkuska. <\/span><\/span><\/span><\/p>\n<p class=\"western\" align=\"left\"><span style=\"color: #000000;\"><span style=\"font-family: Arial, sans-serif;\"><span style=\"font-size: medium;\">Wszyscy Uczniowie bior\u0105cy udzia\u0142 w przegl\u0105dzie zostali nagrodzeni dyplomami i upominkami. Uczestnicy przegl\u0105du to: Maria Krzykalska, Maria Rolnicka, Maja Janiszewska, Barbara Krawczy\u0144ska, Iga Go\u015bciniak, Wiktoria Zawadowska, Helena Biega\u0144ska, Nataniel Jankowski, Lena Sta\u015bkowska, Antonina Kolasi\u0144ska, Nikola Wojciechowska, Klara Le\u015bniewska, Zofia Jarosz, Cataleya Sadowska. <\/span><\/span><\/span><\/p>\n<p class=\"western\" align=\"left\"><span style=\"color: #000000;\"><span style=\"font-family: Arial, sans-serif;\"><span style=\"font-size: medium;\">Bardzo dzi\u0119kujemy wszystkim Dzieciom za udzia\u0142 w tegorocznym Przegl\u0105dzie Kol\u0119d i Pastora\u0142ek. <\/span><\/span><\/span><\/p>\n<p class=\"western\" align=\"left\"><em><span style=\"color: #000000;\"><span style=\"font-family: Arial, sans-serif;\"><span style=\"font-size: medium;\">Opracowanie materia\u0142u: Agata Jasion <\/span><\/span><\/span><\/em><\/p>\nngg_shortcode_0_placeholder\n","protected":false},"excerpt":{"rendered":"<p>&#46;&#46;&#46;<\/p>\n","protected":false},"author":9,"featured_media":13413,"comment_status":"open","ping_status":"open","sticky":false,"template":"","format":"standard","meta":{"ngg_post_thumbnail":0,"footnotes":""},"categories":[1],"tags":[],"class_list":["post-13412","post","type-post","status-publish","format-standard","has-post-thumbnail","hentry","category-wiadomosci"],"_links":{"self":[{"href":"https:\/\/sp22.pl\/nowa\/index.php\/wp-json\/wp\/v2\/posts\/13412","targetHints":{"allow":["GET"]}}],"collection":[{"href":"https:\/\/sp22.pl\/nowa\/index.php\/wp-json\/wp\/v2\/posts"}],"about":[{"href":"https:\/\/sp22.pl\/nowa\/index.php\/wp-json\/wp\/v2\/types\/post"}],"author":[{"embeddable":true,"href":"https:\/\/sp22.pl\/nowa\/index.php\/wp-json\/wp\/v2\/users\/9"}],"replies":[{"embeddable":true,"href":"https:\/\/sp22.pl\/nowa\/index.php\/wp-json\/wp\/v2\/comments?post=13412"}],"version-history":[{"count":2,"href":"https:\/\/sp22.pl\/nowa\/index.php\/wp-json\/wp\/v2\/posts\/13412\/revisions"}],"predecessor-version":[{"id":13415,"href":"https:\/\/sp22.pl\/nowa\/index.php\/wp-json\/wp\/v2\/posts\/13412\/revisions\/13415"}],"wp:featuredmedia":[{"embeddable":true,"href":"https:\/\/sp22.pl\/nowa\/index.php\/wp-json\/wp\/v2\/media\/13413"}],"wp:attachment":[{"href":"https:\/\/sp22.pl\/nowa\/index.php\/wp-json\/wp\/v2\/media?parent=13412"}],"wp:term":[{"taxonomy":"category","embeddable":true,"href":"https:\/\/sp22.pl\/nowa\/index.php\/wp-json\/wp\/v2\/categories?post=13412"},{"taxonomy":"post_tag","embeddable":true,"href":"https:\/\/sp22.pl\/nowa\/index.php\/wp-json\/wp\/v2\/tags?post=13412"}],"curies":[{"name":"wp","href":"https:\/\/api.w.org\/{rel}","templated":true}]}}