{"id":13391,"date":"2025-12-07T17:26:14","date_gmt":"2025-12-07T16:26:14","guid":{"rendered":"https:\/\/sp22.pl\/nowa\/?p=13391"},"modified":"2026-01-07T17:34:28","modified_gmt":"2026-01-07T16:34:28","slug":"kuchnie-swiata-dzien-francuski-2","status":"publish","type":"post","link":"https:\/\/sp22.pl\/nowa\/index.php\/2025\/12\/07\/kuchnie-swiata-dzien-francuski-2\/","title":{"rendered":"Kuchnie \u015bwiata &#8211; dzie\u0144 francuski"},"content":{"rendered":"<p><span style=\"color: #000000;\"><span style=\"font-family: Arial, sans-serif;\"><span style=\"font-size: medium;\">W tym miesi\u0105cu, w naszej Szkole, przenie\u015bli\u015bmy si\u0119 do serca Europy, aby pozna\u0107 smaki kuchni francuskiej. Kolejna ods\u0142ona cyklu \u201eKUCHNIE <\/span><\/span><span style=\"font-family: Arial, sans-serif;\"><span style=\"font-size: medium;\">\u015a<\/span><\/span><span style=\"font-family: Arial, sans-serif;\"><span style=\"font-size: medium;\">WIATA\u201d pozwoli\u0142a nam odkry\u0107 kulinarne tradycje rodem znad Loary. Francja to kraj, kt\u00f3ry s\u0142ynie&nbsp;z wyrafinowanych potraw, aromatycznych przypraw i eleganckiego stylu \u017cycia.&nbsp;<\/span><\/span><\/span><\/p>\n<p><span style=\"font-family: Arial, sans-serif; color: #000000;\"><span style=\"font-size: medium;\">W\u015br\u00f3d najbardziej znanych francuskich da\u0144 znajduj\u0105 si\u0119 aromatyczne zupy, takie jak s\u0142ynna zupa cebulowa zapiekana<br \/>\nz serem i grzankami, czy lekkie&nbsp;quiche&nbsp;\u2013 kruche tarty wype\u0142nione warzywami, serem lub boczkiem. Francuzi s\u0142yn\u0105 r\u00f3wnie\u017c z da\u0144 mi\u0119snych, w tym&nbsp;coq&nbsp;au&nbsp;vin, czyli kurczaka duszonego w czerwonym&nbsp;winie,&nbsp;oraz&nbsp;boeuf&nbsp;bourguignon&nbsp;\u2013 wo\u0142owiny przygotowywanej powoli, a\u017c staje si\u0119 wyj\u0105tkowo krucha i pe\u0142na smaku.&nbsp;<\/span><\/span><\/p>\n<p><span style=\"font-family: Arial, sans-serif; color: #000000;\"><span style=\"font-size: medium;\">Nie spos\u00f3b pomin\u0105\u0107 tak\u017ce pieczywa i ser\u00f3w, kt\u00f3re s\u0105 wizyt\u00f3wk\u0105 Francji. Chrupi\u0105ca bagietka, camembert, brie<br \/>\nczy roquefort to produkty, bez kt\u00f3rych trudno wyobrazi\u0107 sobie francuski st\u00f3\u0142. A na deser? Oczywi\u015bcie cr\u00e8me&nbsp;br\u00fbl\u00e9e, makaroniki lub delikatne rogaliki croissanty, kt\u00f3re rozp\u0142ywaj\u0105 si\u0119 w ustach.&nbsp;<\/span><\/span><\/p>\n<p><span style=\"font-family: Arial, sans-serif; color: #000000;\"><span style=\"font-size: medium;\">Z okazji \u201eDNIA FRANCUSKIEGO\u201d szkolna sto\u0142\u00f3wka przygotowa\u0142a wyj\u0105tkowy obiad inspirowany klasycznymi smakami Francji. Na pierwsze danie podano aromatyczn\u0105 zup\u0119 cebulow\u0105 z natk\u0105 pietruszki. Jest to&nbsp;jedno z najbardziej charakterystycznych da\u0144 kuchni francuskiej.&nbsp;Daniem g\u0142\u00f3wnym by\u0142 de volaille&nbsp;z ziemniakami,&nbsp;czyli&nbsp;soczysty kotlecik<br \/>\nz nadzieniem z mas\u0142a zio\u0142owego, podany z bukietem jarzyn polanych mas\u0142em i bu\u0142k\u0105. Obiad uzupe\u0142nia\u0142 jab\u0142kowy kompot,<br \/>\na ca\u0142o\u015b\u0107 dope\u0142nia\u0142 og\u00f3rek kiszony jako delikatny polski akcent.&nbsp;<\/span><\/span><\/p>\n<p><span style=\"font-family: Arial, sans-serif; color: #000000;\"><span style=\"font-size: medium;\">Tak przygotowany obiad by\u0142 nie tylko smaczny, ale r\u00f3wnie\u017c stanowi\u0142 ciekaw\u0105 kulinarn\u0105 podr\u00f3\u017c do Francji, pozwalaj\u0105c Uczniom odkry\u0107 nowe smaki i po\u0142\u0105czy\u0107 je z dobrze znanymi elementami kuchni polskiej.&nbsp;<\/span><\/span><\/p>\n<p><em><span style=\"font-family: Arial, sans-serif; color: #000000;\"><span style=\"font-size: medium;\">Opracowanie materia\u0142u: p. Marta Olkuska&nbsp;<\/span><\/span><\/em><\/p>\n<p><span style=\"color: #000000;\"><img loading=\"lazy\" decoding=\"async\" class=\"alignnone wp-image-13392 size-full\" src=\"https:\/\/sp22.pl\/nowa\/wp-content\/uploads\/2026\/01\/01_kuchnie_swiata_dzien_francuski_2025_2026.jpg\" alt=\"Na zdj\u0119ciu widoczna jest kolorowa tablica tematyczna zatytu\u0142owana \u201eKUCHNIE \u015aWIATA \u2013 KUCHNIA FRANCUSKA\u201d. Jest ona podzielona na dwie cz\u0119\u015bci- granatow\u0105 i czerwon\u0105. Po lewej stronie znajduj\u0105 si\u0119 ilustracje produkt\u00f3w kojarzonych z kuchni\u0105 francusk\u0105, takich jak r\u00f3\u017cne rodzaje ser\u00f3w, rogalik croissant oraz \u015blimak. Po\u015brodku umieszczono dekoracj\u0119 w formie ma\u0142ego stolika kawiarnianego z dwoma krzes\u0142ami oraz ilustracje deser\u00f3w. Na dole tablicy rozci\u0105ga si\u0119 pas rysunk\u00f3w owoc\u00f3w i warzyw, m.in. truskawek, gruszek, winogron, pomidor\u00f3w i bak\u0142a\u017can\u00f3w. Po prawej stronie znajduje si\u0119 ozdobna ramka z napisem \u201eBon&nbsp;App\u00e9tit\u201d oraz tekst informacyjny o kuchni francuskiej.&nbsp;\" width=\"994\" height=\"768\" srcset=\"https:\/\/sp22.pl\/nowa\/wp-content\/uploads\/2026\/01\/01_kuchnie_swiata_dzien_francuski_2025_2026.jpg 994w, https:\/\/sp22.pl\/nowa\/wp-content\/uploads\/2026\/01\/01_kuchnie_swiata_dzien_francuski_2025_2026-300x232.jpg 300w, https:\/\/sp22.pl\/nowa\/wp-content\/uploads\/2026\/01\/01_kuchnie_swiata_dzien_francuski_2025_2026-768x593.jpg 768w\" sizes=\"auto, (max-width: 994px) 100vw, 994px\" \/> <img loading=\"lazy\" decoding=\"async\" class=\"alignnone wp-image-13393 size-full\" src=\"https:\/\/sp22.pl\/nowa\/wp-content\/uploads\/2026\/01\/02_kuchnie_swiata_dzien_francuski_2025_2026.jpg\" alt=\"Na zdj\u0119ciu widoczny jest zestaw obiadowy wyeksponowany na stole przykrytym jasnym obrusem. Na pierwszym planie znajduje si\u0119 talerz z&nbsp;de volaillem&nbsp;oraz ziemniakami posypanymi koperkiem. Obok widnieje bukiet gotowanych warzyw- marchewki i kalafiora. W g\u0142\u0119bi wida\u0107 talerz z zup\u0105 cebulow\u0105 posypan\u0105 zielon\u0105 natk\u0105 pietruszki. Z prawej strony stoi szklanka z kompotem z jab\u0142ek oraz roz\u0142o\u017cone s\u0105 sztu\u0107ce.&nbsp;\" width=\"1024\" height=\"683\" srcset=\"https:\/\/sp22.pl\/nowa\/wp-content\/uploads\/2026\/01\/02_kuchnie_swiata_dzien_francuski_2025_2026.jpg 1024w, https:\/\/sp22.pl\/nowa\/wp-content\/uploads\/2026\/01\/02_kuchnie_swiata_dzien_francuski_2025_2026-300x200.jpg 300w, https:\/\/sp22.pl\/nowa\/wp-content\/uploads\/2026\/01\/02_kuchnie_swiata_dzien_francuski_2025_2026-768x512.jpg 768w\" sizes=\"auto, (max-width: 1024px) 100vw, 1024px\" \/><\/span><\/p>\n","protected":false},"excerpt":{"rendered":"<p>&#46;&#46;&#46;<\/p>\n","protected":false},"author":9,"featured_media":13394,"comment_status":"open","ping_status":"open","sticky":false,"template":"","format":"standard","meta":{"ngg_post_thumbnail":0,"footnotes":""},"categories":[1],"tags":[],"class_list":["post-13391","post","type-post","status-publish","format-standard","has-post-thumbnail","hentry","category-wiadomosci"],"_links":{"self":[{"href":"https:\/\/sp22.pl\/nowa\/index.php\/wp-json\/wp\/v2\/posts\/13391","targetHints":{"allow":["GET"]}}],"collection":[{"href":"https:\/\/sp22.pl\/nowa\/index.php\/wp-json\/wp\/v2\/posts"}],"about":[{"href":"https:\/\/sp22.pl\/nowa\/index.php\/wp-json\/wp\/v2\/types\/post"}],"author":[{"embeddable":true,"href":"https:\/\/sp22.pl\/nowa\/index.php\/wp-json\/wp\/v2\/users\/9"}],"replies":[{"embeddable":true,"href":"https:\/\/sp22.pl\/nowa\/index.php\/wp-json\/wp\/v2\/comments?post=13391"}],"version-history":[{"count":3,"href":"https:\/\/sp22.pl\/nowa\/index.php\/wp-json\/wp\/v2\/posts\/13391\/revisions"}],"predecessor-version":[{"id":13397,"href":"https:\/\/sp22.pl\/nowa\/index.php\/wp-json\/wp\/v2\/posts\/13391\/revisions\/13397"}],"wp:featuredmedia":[{"embeddable":true,"href":"https:\/\/sp22.pl\/nowa\/index.php\/wp-json\/wp\/v2\/media\/13394"}],"wp:attachment":[{"href":"https:\/\/sp22.pl\/nowa\/index.php\/wp-json\/wp\/v2\/media?parent=13391"}],"wp:term":[{"taxonomy":"category","embeddable":true,"href":"https:\/\/sp22.pl\/nowa\/index.php\/wp-json\/wp\/v2\/categories?post=13391"},{"taxonomy":"post_tag","embeddable":true,"href":"https:\/\/sp22.pl\/nowa\/index.php\/wp-json\/wp\/v2\/tags?post=13391"}],"curies":[{"name":"wp","href":"https:\/\/api.w.org\/{rel}","templated":true}]}}