{"id":13219,"date":"2025-12-17T16:34:16","date_gmt":"2025-12-17T15:34:16","guid":{"rendered":"https:\/\/sp22.pl\/nowa\/?p=13219"},"modified":"2025-12-19T16:38:15","modified_gmt":"2025-12-19T15:38:15","slug":"swiateczne-warsztaty-plastyczne-rodzinkowo","status":"publish","type":"post","link":"https:\/\/sp22.pl\/nowa\/index.php\/2025\/12\/17\/swiateczne-warsztaty-plastyczne-rodzinkowo\/","title":{"rendered":"\u015awi\u0105teczne warsztaty plastyczne &#8222;Rodzinkowo&#8221;"},"content":{"rendered":"<p align=\"justify\"><span style=\"color: #000000;\"><span style=\"font-family: Arial, sans-serif;\"><span style=\"font-size: medium;\"><span lang=\"pl-PL\">10 grudnia w naszej szkole odby\u0142y si\u0119 wyj\u0105tkowe warsztaty plastyczne \u201eRodzinkowo\u201d organizowane przez wychowawc\u00f3w \u015bwietlicy szkolnej. Warsztaty, jak co roku, mia\u0142y charakter \u015bwi\u0105teczny. S\u0105 one doskona\u0142\u0105 okazj\u0105 do stworzenia czego\u015b pi\u0119knego, co mo\u017ce pos\u0142u\u017cy\u0107 jako ozdoba lub prezent z okazji zbli\u017caj\u0105cych si\u0119 \u015bwi\u0105t Bo\u017cego Narodzenia.<\/span><\/span><\/span><\/span><\/p>\n<p align=\"justify\"><span style=\"color: #000000;\"><span style=\"font-family: Arial, sans-serif;\"><span style=\"font-size: medium;\"><span lang=\"pl-PL\">W tym roku nasi uczniowie wraz ze swoimi opiekunami stworzyli przepi\u0119kne, ozdobne s\u0142oiki. Zosta\u0142y one wykonane za pomoc\u0105 zdobniczej techniki, zwanej decoupage. Polega ona na przyklejaniu wycinanych wzor\u00f3w ze specjalnie do tego przygotowanego papieru na r\u00f3\u017cne powierzchnie, w naszym przypadku \u2013 na szk\u0142o. Dzieci mog\u0142y wybra\u0107 r\u00f3\u017cnorodne \u015bwi\u0105teczne wzory i przyklei\u0107 je na swoje s\u0142oiki. Nast\u0119pnie, przyklejone fragmenty nale\u017ca\u0142o pokry\u0107 warstw\u0105 lakieru,<br \/>\n<\/span><\/span><span style=\"font-size: medium;\"><span lang=\"pl-PL\">by wz\u00f3r wtopi\u0142 si\u0119 w pod\u0142o\u017ce i wygl\u0105da\u0142 jak namalowany. Na samym ko\u0144cu, ka\u017cdy uczestnik ozdabia\u0142 swoj\u0105 prac\u0119 wed\u0142ug w\u0142asnych upodoba\u0144, wykorzystuj\u0105c do tego wst\u0105\u017cki, kokardki, w\u0142\u00f3czki w rozmaitych kolorach, \u015bwi\u0105teczne ozdoby z filcu oraz innych materia\u0142\u00f3w.<\/span><\/span><\/span><\/span><\/p>\n<p align=\"justify\"><span style=\"color: #000000;\"><span style=\"font-family: Arial, sans-serif;\"><span style=\"font-size: medium;\"><span lang=\"pl-PL\">Wsp\u00f3lna praca okaza\u0142a si\u0119 nie tylko \u015bwietn\u0105 okazj\u0105 do rozwijania kreatywno\u015bci, ale tak\u017ce do budowania rodzinnej atmosfery i wsp\u00f3\u0142pracy. Powsta\u0142e s\u0142oiki zachwycaj\u0105 \u015bwi\u0105tecznymi wzorami, staranno\u015bci\u0105 wykonania i pomys\u0142owo\u015bci\u0105 tw\u00f3rc\u00f3w. Ka\u017cdy z nich ma sw\u00f3j niepowtarzalny charakter i z pewno\u015bci\u0105 b\u0119dzie pi\u0119kn\u0105 ozdob\u0105 \u015bwi\u0105tecznego sto\u0142u, prezentem dla bliskich lub znajdzie swoje praktyczne wykorzystanie w domu.<\/span><\/span><\/span><\/span><\/p>\n<p align=\"justify\"><span style=\"color: #000000;\"><span style=\"font-family: Arial, sans-serif;\"><span style=\"font-size: medium;\"><span lang=\"pl-PL\">Dzi\u0119kujemy wszystkim uczestnikom za zaanga\u017cowanie i radosn\u0105 atmosfer\u0119! <\/span><\/span><\/span><\/span><\/p>\n<p align=\"justify\">&nbsp;<\/p>\n<p align=\"justify\"><em><span style=\"color: #000000;\"><span style=\"font-family: Arial, sans-serif;\"><span style=\"font-size: medium;\"><span lang=\"pl-PL\">Koordynator przedsi\u0119wzi\u0119cia i opracowanie materia\u0142u: And\u017celika Staniszewska<\/span><\/span><\/span><\/span><\/em><\/p>\nngg_shortcode_0_placeholder\n","protected":false},"excerpt":{"rendered":"<p>&#46;&#46;&#46;<\/p>\n","protected":false},"author":9,"featured_media":13220,"comment_status":"open","ping_status":"open","sticky":false,"template":"","format":"standard","meta":{"ngg_post_thumbnail":0,"footnotes":""},"categories":[1],"tags":[],"class_list":["post-13219","post","type-post","status-publish","format-standard","has-post-thumbnail","hentry","category-wiadomosci"],"_links":{"self":[{"href":"https:\/\/sp22.pl\/nowa\/index.php\/wp-json\/wp\/v2\/posts\/13219","targetHints":{"allow":["GET"]}}],"collection":[{"href":"https:\/\/sp22.pl\/nowa\/index.php\/wp-json\/wp\/v2\/posts"}],"about":[{"href":"https:\/\/sp22.pl\/nowa\/index.php\/wp-json\/wp\/v2\/types\/post"}],"author":[{"embeddable":true,"href":"https:\/\/sp22.pl\/nowa\/index.php\/wp-json\/wp\/v2\/users\/9"}],"replies":[{"embeddable":true,"href":"https:\/\/sp22.pl\/nowa\/index.php\/wp-json\/wp\/v2\/comments?post=13219"}],"version-history":[{"count":2,"href":"https:\/\/sp22.pl\/nowa\/index.php\/wp-json\/wp\/v2\/posts\/13219\/revisions"}],"predecessor-version":[{"id":13222,"href":"https:\/\/sp22.pl\/nowa\/index.php\/wp-json\/wp\/v2\/posts\/13219\/revisions\/13222"}],"wp:featuredmedia":[{"embeddable":true,"href":"https:\/\/sp22.pl\/nowa\/index.php\/wp-json\/wp\/v2\/media\/13220"}],"wp:attachment":[{"href":"https:\/\/sp22.pl\/nowa\/index.php\/wp-json\/wp\/v2\/media?parent=13219"}],"wp:term":[{"taxonomy":"category","embeddable":true,"href":"https:\/\/sp22.pl\/nowa\/index.php\/wp-json\/wp\/v2\/categories?post=13219"},{"taxonomy":"post_tag","embeddable":true,"href":"https:\/\/sp22.pl\/nowa\/index.php\/wp-json\/wp\/v2\/tags?post=13219"}],"curies":[{"name":"wp","href":"https:\/\/api.w.org\/{rel}","templated":true}]}}