{"id":13170,"date":"2025-12-16T17:14:34","date_gmt":"2025-12-16T16:14:34","guid":{"rendered":"https:\/\/sp22.pl\/nowa\/?p=13170"},"modified":"2025-12-18T17:16:16","modified_gmt":"2025-12-18T16:16:16","slug":"akcja-paka-dla-rodaka","status":"publish","type":"post","link":"https:\/\/sp22.pl\/nowa\/index.php\/2025\/12\/16\/akcja-paka-dla-rodaka\/","title":{"rendered":"Akcja &#8222;Paka dla Rodaka&#8221;"},"content":{"rendered":"<p class=\"western\"><span style=\"color: #000000;\"><span style=\"font-family: Arial, serif;\"><span style=\"font-size: medium;\">Akcja <\/span><\/span><span style=\"font-family: Arial, serif;\"><span style=\"font-size: medium;\">&#8222;Paka dla Rodaka&#8221;<\/span><\/span><span style=\"font-family: Arial, serif;\"><span style=\"font-size: medium;\"> to inicjatywa, maj\u0105ca na celu wsparcie Polak\u00f3w mieszkaj\u0105cych za granic\u0105, kt\u00f3rzy w wyniku trudnej sytuacji materialnej nie maj\u0105 dost\u0119pu do produkt\u00f3w spo\u017cywczych czy innych niezb\u0119dnych artyku\u0142\u00f3w codziennego u\u017cytku. Zorganizowana w ca\u0142ej Polsce, jest okazj\u0105 do okazania solidarno\u015bci z rodakami, kt\u00f3rzy mimo dalekiej podr\u00f3\u017cy, nie zapomnieli o swojej polsko\u015bci. W ramach tej akcji zbierane s\u0105 r\u00f3\u017cnorodne produkty, kt\u00f3re nast\u0119pnie s\u0105 pakowane w paczki i zawo\u017cone do potrzebuj\u0105cych mieszkaj\u0105cych <\/span><\/span><span style=\"font-family: Google Sans, Roboto, Arial, sans-serif;\"><span style=\"font-size: medium;\">g\u0142\u00f3wnie w Mo\u0142dawii, Rumunii i na Litwie<\/span><\/span><span style=\"font-family: Arial, serif;\"><span style=\"font-size: medium;\">.<\/span><\/span><\/span><\/p>\n<p class=\"western\"><span style=\"font-family: Arial, serif; color: #000000;\"><span style=\"font-size: medium;\">Ka\u017cda szko\u0142a w\u0142\u0105czaj\u0105ca si\u0119 do akcji otrzymuje produkt wiod\u0105cy do zbi\u00f3rki, w tym roku nasza szko\u0142a zbiera\u0142a olej. Olej stanowi wa\u017cny element paczek, poniewa\u017c mo\u017ce by\u0107 wykorzystany do przygotowywania posi\u0142k\u00f3w, co stanowi nieocenion\u0105 pomoc w domach, kt\u00f3re zmagaj\u0105 si\u0119 z niedoborem \u015brodk\u00f3w do \u017cycia.<\/span><\/span><\/p>\n<p class=\"western\"><span style=\"font-family: Arial, serif; color: #000000;\"><span style=\"font-size: medium;\">W sobot\u0119, 29 listopada 2025 roku, w Szkole Podstawowej nr 12 w P\u0142ocku odby\u0142a si\u0119 szczeg\u00f3lna akcja, w kt\u00f3rej wolontariusze ze Szkolnego Klubu Wolontariatu Uskrzydleni wzi\u0119li udzia\u0142 w pakowaniu paczek. Uczestnicy akcji podkre\u015blali wyj\u0105tkow\u0105 atmosfer\u0119, jaka panowa\u0142a tego dnia. Wszyscy pracowali z zaanga\u017cowaniem, co by\u0142o wida\u0107 we wzajemnej wsp\u00f3\u0142pracy. Wsp\u00f3lne dzia\u0142anie na rzecz innych nios\u0142o ze sob\u0105 nie tylko poczucie satysfakcji, ale tak\u017ce jedno\u015bci i solidarno\u015bci. Poczucie wsp\u00f3lnego celu oraz rado\u015b\u0107 z niesienia pomocy zjednoczy\u0142y ca\u0142\u0105 spo\u0142eczno\u015b\u0107 wolontariuszy.<\/span><\/span><\/p>\n<p class=\"western\"><span style=\"font-family: Arial, serif; color: #000000;\"><span style=\"font-size: medium;\">Dzia\u0142ania takie jak &#8222;Paka dla Rodaka&#8221; przyczyniaj\u0105 si\u0119 do budowania wi\u0119zi spo\u0142ecznych, wzmacniania poczucia wsp\u00f3lnoty i narodowej to\u017csamo\u015bci.<\/span><\/span><\/p>\n<p class=\"western\"><span style=\"font-family: Arial, serif; color: #000000;\"><span style=\"font-size: medium;\">Jest to r\u00f3wnie\u017c okazja do osobistego rozwoju dla naszych \u201euskrzydlonych\u201d wolontariuszy. Wolontariat pozwala zdoby\u0107 nowe umiej\u0119tno\u015bci, nawi\u0105zywa\u0107 nowe kontakty i poczu\u0107 satysfakcj\u0119 z niesienia realnej pomocy innym. W przypadku m\u0142odych ludzi, uczestnictwo w takich przedsi\u0119wzi\u0119ciach wzmacnia tak\u017ce poczucie odpowiedzialno\u015bci spo\u0142ecznej i aktywno\u015bci obywatelskiej.<\/span><\/span><\/p>\n<p class=\"western\"><span style=\"font-family: Arial, serif; color: #000000;\"><span style=\"font-size: medium;\">Akcja &#8222;Paka dla Rodaka&#8221; to wa\u017cny element wspierania Polak\u00f3w za granic\u0105. Dzi\u0119kujemy wszystkim, kt\u00f3rzy do\u0142\u0105czyli si\u0119 do akcji.<\/span><\/span><\/p>\n<p><span style=\"color: #000000;\"><em>Opracowanie materia\u0142u: Martyna Skrodzka<\/em><\/span><\/p>\nngg_shortcode_0_placeholder\n","protected":false},"excerpt":{"rendered":"<p>&#46;&#46;&#46;<\/p>\n","protected":false},"author":8,"featured_media":13171,"comment_status":"open","ping_status":"open","sticky":false,"template":"","format":"standard","meta":{"ngg_post_thumbnail":0,"footnotes":""},"categories":[1],"tags":[],"class_list":["post-13170","post","type-post","status-publish","format-standard","has-post-thumbnail","hentry","category-wiadomosci"],"_links":{"self":[{"href":"https:\/\/sp22.pl\/nowa\/index.php\/wp-json\/wp\/v2\/posts\/13170","targetHints":{"allow":["GET"]}}],"collection":[{"href":"https:\/\/sp22.pl\/nowa\/index.php\/wp-json\/wp\/v2\/posts"}],"about":[{"href":"https:\/\/sp22.pl\/nowa\/index.php\/wp-json\/wp\/v2\/types\/post"}],"author":[{"embeddable":true,"href":"https:\/\/sp22.pl\/nowa\/index.php\/wp-json\/wp\/v2\/users\/8"}],"replies":[{"embeddable":true,"href":"https:\/\/sp22.pl\/nowa\/index.php\/wp-json\/wp\/v2\/comments?post=13170"}],"version-history":[{"count":1,"href":"https:\/\/sp22.pl\/nowa\/index.php\/wp-json\/wp\/v2\/posts\/13170\/revisions"}],"predecessor-version":[{"id":13172,"href":"https:\/\/sp22.pl\/nowa\/index.php\/wp-json\/wp\/v2\/posts\/13170\/revisions\/13172"}],"wp:featuredmedia":[{"embeddable":true,"href":"https:\/\/sp22.pl\/nowa\/index.php\/wp-json\/wp\/v2\/media\/13171"}],"wp:attachment":[{"href":"https:\/\/sp22.pl\/nowa\/index.php\/wp-json\/wp\/v2\/media?parent=13170"}],"wp:term":[{"taxonomy":"category","embeddable":true,"href":"https:\/\/sp22.pl\/nowa\/index.php\/wp-json\/wp\/v2\/categories?post=13170"},{"taxonomy":"post_tag","embeddable":true,"href":"https:\/\/sp22.pl\/nowa\/index.php\/wp-json\/wp\/v2\/tags?post=13170"}],"curies":[{"name":"wp","href":"https:\/\/api.w.org\/{rel}","templated":true}]}}