{"id":13138,"date":"2025-12-10T20:21:28","date_gmt":"2025-12-10T19:21:28","guid":{"rendered":"https:\/\/sp22.pl\/nowa\/?p=13138"},"modified":"2025-12-17T20:35:50","modified_gmt":"2025-12-17T19:35:50","slug":"miedzynarodowy-dzien-osob-z-niepelnosprawnosciami-w-naszej-szkole","status":"publish","type":"post","link":"https:\/\/sp22.pl\/nowa\/index.php\/2025\/12\/10\/miedzynarodowy-dzien-osob-z-niepelnosprawnosciami-w-naszej-szkole\/","title":{"rendered":"Mi\u0119dzynarodowy Dzie\u0144 Os\u00f3b z Niepe\u0142nosprawno\u015bciami w naszej Szkole"},"content":{"rendered":"<p><span style=\"color: #000000;\">3 grudnia 2025 r., w ramach Tygodnia Kultury Szkolnej, obchodzili\u015bmy w naszej plac\u00f3wce Mi\u0119dzynarodowy Dzie\u0144 Os\u00f3b z&nbsp;Niepe\u0142nosprawno\u015bciami.<\/span><\/p>\n<p><span style=\"color: #000000;\">Przedsi\u0119wzi\u0119cie, kt\u00f3remu przy\u015bwieca\u0142o has\u0142o \u201eWszyscy Razem\u201d, mia\u0142o zwi\u0119kszy\u0107 \u015bwiadomo\u015b\u0107 Uczni\u00f3w na temat ogranicze\u0144, z jakimi borykaj\u0105 si\u0119 osoby z niepe\u0142nosprawno\u015bciami.<\/span><\/p>\n<p><span style=\"color: #000000;\">Podczas apelu dla klas I-III prowadz\u0105ce, p. Alicja Wojda i Agnieszka So\u0142tysiak, wskaza\u0142y na konieczno\u015b\u0107 wspierania dzieci i doros\u0142ych z&nbsp;niepe\u0142nosprawno\u015bciami w ich codziennym funkcjonowaniu. Podkre\u015bli\u0142y rol\u0119 akceptacji, tolerancji i szacunku, jakim powinny by\u0107 obdarzane te osoby. Swoje wypowiedzi wzbogaci\u0142y przedstawianymi nagraniami i prezentacjami. Wskaza\u0142y te\u017c przyk\u0142ady ludzi, kt\u00f3rzy, mimo swoich fizycznych ogranicze\u0144, osi\u0105gaj\u0105 ogromne sukcesy w r\u00f3\u017cnych dziedzinach \u017cycia.<\/span><\/p>\n<p><span style=\"color: #000000;\">W ramach obchod\u00f3w, na szkolnych korytarzach pojawi\u0142y si\u0119 wystawy tematyczne, gazetki oraz eksponowano plakaty wykonane przez oddzia\u0142y szkolne. W klasach I-III Uczniowie kolorowali ilustracje zwi\u0105zane z poruszan\u0105 tematyk\u0105 oraz przygotowali serca z has\u0142ami kojarz\u0105cymi si\u0119 z integracj\u0105, kt\u00f3re prezentowali podczas apelu.<\/span><\/p>\n<p><span style=\"color: #000000;\">W klasach IV-VIII wychowawcy przeprowadzili pogadanki i projekcje film\u00f3w w oparciu o scenariusze i prezentacje, wzbogacaj\u0105c wiedz\u0119 Uczni\u00f3w o tematyk\u0119 zwi\u0105zan\u0105 z niepe\u0142nosprawno\u015bciami, zwracaj\u0105c uwag\u0119 na wyzwania, z jakimi borykaj\u0105 si\u0119 osoby z dysfunkcjami oraz potrzeb\u0119 tworzenia spo\u0142ecze\u0144stwa, w kt\u00f3rym wszyscy maj\u0105 r\u00f3wne szanse. By\u0142a to r\u00f3wnie\u017c okazja na refleksje i solidaryzowanie si\u0119 z Dzie\u0107mi z niepe\u0142nosprawno\u015bciami, kt\u00f3re s\u0105 Uczniami naszej Szko\u0142y.<\/span><\/p>\n<p><span style=\"color: #000000;\">Inicjatywa organizacji \u015bwi\u0119ta mia\u0142a dowie\u015b\u0107, \u017ce ka\u017cdy cz\u0142owiek ma do odegrania swoj\u0105 rol\u0119 w promowaniu r\u00f3wno\u015bci i wsparcia, a dzi\u0119ki wsp\u00f3lnym dzia\u0142aniom mo\u017cemy przyczyni\u0107 si\u0119 do budowania spo\u0142ecze\u0144stwa, w kt\u00f3rym wszyscy maj\u0105 szanse na realizacj\u0119 swoich marze\u0144 i aspiracji.<\/span><\/p>\n<p><span style=\"color: #000000;\"><em>Opracowanie materia\u0142u: Anna Kowalska<\/em><\/span><\/p>\nngg_shortcode_0_placeholder\n","protected":false},"excerpt":{"rendered":"<p>&#46;&#46;&#46;<\/p>\n","protected":false},"author":5,"featured_media":13159,"comment_status":"open","ping_status":"open","sticky":false,"template":"","format":"standard","meta":{"ngg_post_thumbnail":0,"footnotes":""},"categories":[1],"tags":[],"class_list":["post-13138","post","type-post","status-publish","format-standard","has-post-thumbnail","hentry","category-wiadomosci"],"_links":{"self":[{"href":"https:\/\/sp22.pl\/nowa\/index.php\/wp-json\/wp\/v2\/posts\/13138","targetHints":{"allow":["GET"]}}],"collection":[{"href":"https:\/\/sp22.pl\/nowa\/index.php\/wp-json\/wp\/v2\/posts"}],"about":[{"href":"https:\/\/sp22.pl\/nowa\/index.php\/wp-json\/wp\/v2\/types\/post"}],"author":[{"embeddable":true,"href":"https:\/\/sp22.pl\/nowa\/index.php\/wp-json\/wp\/v2\/users\/5"}],"replies":[{"embeddable":true,"href":"https:\/\/sp22.pl\/nowa\/index.php\/wp-json\/wp\/v2\/comments?post=13138"}],"version-history":[{"count":5,"href":"https:\/\/sp22.pl\/nowa\/index.php\/wp-json\/wp\/v2\/posts\/13138\/revisions"}],"predecessor-version":[{"id":13163,"href":"https:\/\/sp22.pl\/nowa\/index.php\/wp-json\/wp\/v2\/posts\/13138\/revisions\/13163"}],"wp:featuredmedia":[{"embeddable":true,"href":"https:\/\/sp22.pl\/nowa\/index.php\/wp-json\/wp\/v2\/media\/13159"}],"wp:attachment":[{"href":"https:\/\/sp22.pl\/nowa\/index.php\/wp-json\/wp\/v2\/media?parent=13138"}],"wp:term":[{"taxonomy":"category","embeddable":true,"href":"https:\/\/sp22.pl\/nowa\/index.php\/wp-json\/wp\/v2\/categories?post=13138"},{"taxonomy":"post_tag","embeddable":true,"href":"https:\/\/sp22.pl\/nowa\/index.php\/wp-json\/wp\/v2\/tags?post=13138"}],"curies":[{"name":"wp","href":"https:\/\/api.w.org\/{rel}","templated":true}]}}