{"id":13131,"date":"2025-12-14T11:18:38","date_gmt":"2025-12-14T10:18:38","guid":{"rendered":"https:\/\/sp22.pl\/nowa\/?p=13131"},"modified":"2025-12-16T11:25:39","modified_gmt":"2025-12-16T10:25:39","slug":"vii-edycja-konkursu-matematyczno-informatycznego-instalogik-wyniki-ii-etapu","status":"publish","type":"post","link":"https:\/\/sp22.pl\/nowa\/index.php\/2025\/12\/14\/vii-edycja-konkursu-matematyczno-informatycznego-instalogik-wyniki-ii-etapu\/","title":{"rendered":"VII edycja konkursu matematyczno \u2013 informatycznego InstaLogik \u2013 wyniki II etapu"},"content":{"rendered":"<p data-start=\"266\" data-end=\"509\"><span style=\"color: #000000;\">Mi\u0142o nam poinformowa\u0107, \u017ce wszyscy Uczniowie, kt\u00f3rzy wzi\u0119li udzia\u0142 w II etapie konkursu <\/span><span style=\"color: #000000;\">matematyczno-informatycznego InstaLogik<\/span><span style=\"color: #000000;\">, zakwalifikowali si\u0119 do fina\u0142owego etapu. Jest to wyj\u0105tkowy sukces, b\u0119d\u0105cy dowodem ich wysokich umiej\u0119tno\u015bci, systematycznej pracy oraz zaanga\u017cowania.<\/span><\/p>\n<p data-start=\"516\" data-end=\"580\"><span style=\"color: #000000;\">Poni\u017cej przedstawiamy list\u0119 Uczni\u00f3w zakwalifikowanych do fina\u0142u:<\/span><\/p>\n<p><span style=\"color: #000000;\">Borys Gorsiak kl. 4b<\/span><br \/>\n<span style=\"color: #000000;\">Jakub Rz\u0119darski kl. 4b<\/span><br \/>\n<span style=\"color: #000000;\">Iga Garwacka kl. 4e<\/span><br \/>\n<span style=\"color: #000000;\">Maciej Jamowski kl. 4s<\/span><br \/>\n<span style=\"color: #000000;\">Micha\u0142 Lewandowski kl. 5c<\/span><br \/>\n<span style=\"color: #000000;\">Adrian Przedpe\u0142ski kl. 5c<\/span><br \/>\n<span style=\"color: #000000;\">Mateusz Duszczyk kl. 5e<\/span><br \/>\n<span style=\"color: #000000;\">Alicja Przedpe\u0142ska kl. 6b<\/span><br \/>\n<span style=\"color: #000000;\">Dominik Michalak kl. 7c<\/span><br \/>\n<span style=\"color: #000000;\">Marcel Rosiak kl. 8f<\/span><\/p>\n<p><span style=\"color: #000000;\">Gratulujemy i \u017cyczymy sukcesu w marcowym finale!<\/span><\/p>\n<p><span style=\"color: #000000;\"><em>Koordynator konkursu: Beata Michalak<\/em><\/span><\/p>\n<p><span style=\"color: #000000;\"><em>Opracowanie materia\u0142u: Beata Michalak<\/em><\/span><\/p>\n","protected":false},"excerpt":{"rendered":"<p>&#46;&#46;&#46;<\/p>\n","protected":false},"author":8,"featured_media":13132,"comment_status":"open","ping_status":"open","sticky":false,"template":"","format":"standard","meta":{"ngg_post_thumbnail":0,"footnotes":""},"categories":[1],"tags":[],"class_list":["post-13131","post","type-post","status-publish","format-standard","has-post-thumbnail","hentry","category-wiadomosci"],"_links":{"self":[{"href":"https:\/\/sp22.pl\/nowa\/index.php\/wp-json\/wp\/v2\/posts\/13131","targetHints":{"allow":["GET"]}}],"collection":[{"href":"https:\/\/sp22.pl\/nowa\/index.php\/wp-json\/wp\/v2\/posts"}],"about":[{"href":"https:\/\/sp22.pl\/nowa\/index.php\/wp-json\/wp\/v2\/types\/post"}],"author":[{"embeddable":true,"href":"https:\/\/sp22.pl\/nowa\/index.php\/wp-json\/wp\/v2\/users\/8"}],"replies":[{"embeddable":true,"href":"https:\/\/sp22.pl\/nowa\/index.php\/wp-json\/wp\/v2\/comments?post=13131"}],"version-history":[{"count":1,"href":"https:\/\/sp22.pl\/nowa\/index.php\/wp-json\/wp\/v2\/posts\/13131\/revisions"}],"predecessor-version":[{"id":13133,"href":"https:\/\/sp22.pl\/nowa\/index.php\/wp-json\/wp\/v2\/posts\/13131\/revisions\/13133"}],"wp:featuredmedia":[{"embeddable":true,"href":"https:\/\/sp22.pl\/nowa\/index.php\/wp-json\/wp\/v2\/media\/13132"}],"wp:attachment":[{"href":"https:\/\/sp22.pl\/nowa\/index.php\/wp-json\/wp\/v2\/media?parent=13131"}],"wp:term":[{"taxonomy":"category","embeddable":true,"href":"https:\/\/sp22.pl\/nowa\/index.php\/wp-json\/wp\/v2\/categories?post=13131"},{"taxonomy":"post_tag","embeddable":true,"href":"https:\/\/sp22.pl\/nowa\/index.php\/wp-json\/wp\/v2\/tags?post=13131"}],"curies":[{"name":"wp","href":"https:\/\/api.w.org\/{rel}","templated":true}]}}