{"id":13087,"date":"2025-12-12T18:43:00","date_gmt":"2025-12-12T17:43:00","guid":{"rendered":"https:\/\/sp22.pl\/nowa\/?p=13087"},"modified":"2025-12-12T18:43:30","modified_gmt":"2025-12-12T17:43:30","slug":"aleja-dobrego-slowa-akcja-szkolnego-wolontariatu-uskrzydleni","status":"publish","type":"post","link":"https:\/\/sp22.pl\/nowa\/index.php\/2025\/12\/12\/aleja-dobrego-slowa-akcja-szkolnego-wolontariatu-uskrzydleni\/","title":{"rendered":"Aleja Dobrego S\u0142owa \u2014 akcja szkolnego wolontariatu \u201eUskrzydleni\u201d"},"content":{"rendered":"<p class=\"western\"><span style=\"font-family: Arial, serif; color: #000000;\"><span style=\"font-size: medium;\">W listopadzie nasza szko\u0142a zamieni\u0142a si\u0119 w ma\u0142\u0105 alej\u0119 \u017cyczliwo\u015bci \u2014 szkolny wolontariat Uskrzydleni rozwiesi\u0142 na korytarzach papierowe skrzyd\u0142a, na kt\u00f3rych znalaz\u0142y si\u0119 ciep\u0142e s\u0142owa zebrane od uczni\u00f3w oraz z\u0142ote my\u015bli Janusza Korczaka. Akcja \u201eAleja Dobrego S\u0142owa\u201d mia\u0142a na celu przypomnienie, jak du\u017co znaczy dobre s\u0142owo i jak wielk\u0105 moc ma uprzejmo\u015b\u0107 w codziennym \u017cyciu szkolnym. Jest to element programu Szko\u0142a Dobrego S\u0142owa.<\/span><\/span><\/p>\n<p class=\"western\"><span style=\"font-family: Arial, serif; color: #000000;\"><span style=\"font-size: medium;\">Uczniowie zostali poproszeni o napisanie na karteczkach s\u0142\u00f3w, kt\u00f3re chcieliby us\u0142ysze\u0107 od innych. Z zebranych wpis\u00f3w wolontariusze przygotowali kilkadziesi\u0105t papierowych skrzyde\u0142, kt\u00f3re ozdobi\u0142y szkolne korytarze.<\/span><\/span><\/p>\n<p class=\"western\"><span style=\"font-family: Arial, serif; color: #000000;\"><span style=\"font-size: medium;\">Na skrzyd\u0142ach umieszczono tak\u017ce cytaty z Janusza Korczaka, przypominaj\u0105ce o szacunku, empatii i trosce o drugiego cz\u0142owieka.<\/span><\/span><\/p>\n<p class=\"western\"><span style=\"font-family: Arial, serif; color: #000000;\"><span style=\"font-size: medium;\">Ka\u017cde skrzyd\u0142o sta\u0142o si\u0119 symbolicznym przypomnieniem, \u017ce warto m\u00f3wi\u0107 dobre rzeczy, kt\u00f3re potrafi\u0105 \u201euskrzydla\u0107\u201d w naszej szkolnej codzienno\u015bci.<\/span><\/span><\/p>\n<p class=\"western\"><span style=\"font-family: Arial, serif; color: #000000;\"><span style=\"font-size: medium;\">Celem akcji by\u0142o kszta\u0142towanie postaw empatii i wzajemnego szacunku w\u015br\u00f3d uczni\u00f3w, u\u015bwiadomienie najm\u0142odszym, \u017ce s\u0142owa maj\u0105 moc \u2014 mog\u0105 podnie\u015b\u0107 na duchu, da\u0107 wsparcie i zbudowa\u0107 dobr\u0105 atmosfer\u0119 w klasie, promowanie kultury dialogu i \u017cyczliwo\u015bci w szkole jako przestrzeni bezpiecznej dla ka\u017cdego ucznia.<\/span><\/span><\/p>\n<p class=\"western\"><span style=\"font-family: Arial, serif; color: #000000;\"><span style=\"font-size: medium;\">Akcja spotka\u0142a si\u0119 z du\u017cym entuzjazmem. Wielu uczni\u00f3w ch\u0119tnie dzieli\u0142o si\u0119 swoimi przemy\u015bleniami, a korytarz wype\u0142ni\u0142 si\u0119 kolorowymi skrzyd\u0142ami i pozytywnymi has\u0142ami. <\/span><\/span><\/p>\n<p class=\"western\"><span style=\"font-family: Arial, serif; color: #000000;\"><span style=\"font-size: medium;\">Dzi\u0119kujemy Wolontariuszom z zespo\u0142u Uskrzydleni za zaanga\u017cowanie w przygotowanie i przeprowadzenie akcji oraz wszystkim Uczniom, kt\u00f3rzy podzielili si\u0119 swoimi s\u0142owami. Dzi\u0119ki Wam nasza szko\u0142a sta\u0142a si\u0119 jeszcze bardziej przyjaznym miejscem.<\/span><\/span><\/p>\n<p><span style=\"color: #000000;\"><em>Opracowanie materia\u0142u: Martyna Skrodzka<\/em><\/span><\/p>\nngg_shortcode_0_placeholder\n","protected":false},"excerpt":{"rendered":"<p>&#46;&#46;&#46;<\/p>\n","protected":false},"author":8,"featured_media":13088,"comment_status":"open","ping_status":"open","sticky":false,"template":"","format":"standard","meta":{"ngg_post_thumbnail":0,"footnotes":""},"categories":[1],"tags":[],"class_list":["post-13087","post","type-post","status-publish","format-standard","has-post-thumbnail","hentry","category-wiadomosci"],"_links":{"self":[{"href":"https:\/\/sp22.pl\/nowa\/index.php\/wp-json\/wp\/v2\/posts\/13087","targetHints":{"allow":["GET"]}}],"collection":[{"href":"https:\/\/sp22.pl\/nowa\/index.php\/wp-json\/wp\/v2\/posts"}],"about":[{"href":"https:\/\/sp22.pl\/nowa\/index.php\/wp-json\/wp\/v2\/types\/post"}],"author":[{"embeddable":true,"href":"https:\/\/sp22.pl\/nowa\/index.php\/wp-json\/wp\/v2\/users\/8"}],"replies":[{"embeddable":true,"href":"https:\/\/sp22.pl\/nowa\/index.php\/wp-json\/wp\/v2\/comments?post=13087"}],"version-history":[{"count":1,"href":"https:\/\/sp22.pl\/nowa\/index.php\/wp-json\/wp\/v2\/posts\/13087\/revisions"}],"predecessor-version":[{"id":13089,"href":"https:\/\/sp22.pl\/nowa\/index.php\/wp-json\/wp\/v2\/posts\/13087\/revisions\/13089"}],"wp:featuredmedia":[{"embeddable":true,"href":"https:\/\/sp22.pl\/nowa\/index.php\/wp-json\/wp\/v2\/media\/13088"}],"wp:attachment":[{"href":"https:\/\/sp22.pl\/nowa\/index.php\/wp-json\/wp\/v2\/media?parent=13087"}],"wp:term":[{"taxonomy":"category","embeddable":true,"href":"https:\/\/sp22.pl\/nowa\/index.php\/wp-json\/wp\/v2\/categories?post=13087"},{"taxonomy":"post_tag","embeddable":true,"href":"https:\/\/sp22.pl\/nowa\/index.php\/wp-json\/wp\/v2\/tags?post=13087"}],"curies":[{"name":"wp","href":"https:\/\/api.w.org\/{rel}","templated":true}]}}