{"id":12972,"date":"2025-12-10T10:42:38","date_gmt":"2025-12-10T09:42:38","guid":{"rendered":"https:\/\/sp22.pl\/nowa\/?p=12972"},"modified":"2025-12-12T06:52:33","modified_gmt":"2025-12-12T05:52:33","slug":"wybory-do-mlodziezowej-rady-miasta-plocka-15-grudnia-w-naszej-szkole","status":"publish","type":"post","link":"https:\/\/sp22.pl\/nowa\/index.php\/2025\/12\/10\/wybory-do-mlodziezowej-rady-miasta-plocka-15-grudnia-w-naszej-szkole\/","title":{"rendered":"Wybory do M\u0142odzie\u017cowej Rady Miasta P\u0142ocka \u2013 15 grudnia w naszej szkole!"},"content":{"rendered":"<p><span style=\"color: #000000;\">Ju\u017c 15 grudnia w naszej szkole odb\u0119d\u0105 si\u0119 wybory do M\u0142odzie\u017cowej Rady Miasta P\u0142ocka \u2013 poniewa\u017c to w\u0142a\u015bnie u nas znajduje si\u0119 okr\u0119g wyborczy. Oznacza to, \u017ce g\u0142osowa\u0107 b\u0119dziemy wy\u0142\u0105cznie na kandydatki z naszej szko\u0142y.<\/span><\/p>\n<p><span style=\"color: #000000;\">M\u0142odzie\u017cowa Rada Miasta P\u0142ocka to miejsce, w kt\u00f3rym m\u0142odzi mieszka\u0144cy mog\u0105 zg\u0142asza\u0107 w\u0142asne inicjatywy, bra\u0107 udzia\u0142 w projektach miejskich i realnie wp\u0142ywa\u0107 na dzia\u0142ania skierowane do m\u0142odzie\u017cy. To wa\u017cny krok w budowaniu \u015bwiadomej postawy obywatelskiej ju\u017c od najm\u0142odszych lat.<\/span><\/p>\n<p><span style=\"color: #000000;\">W naszym okr\u0119gu o mandat ubiegaj\u0105 si\u0119 trzy uczennice \u2013 dobrze znane z pracy <\/span><br \/>\n<span style=\"color: #000000;\">w Samorz\u0105dzie Uczniowskim, poniewa\u017c pe\u0142ni\u0105 w nim najwa\u017cniejsze funkcje:<\/span><\/p>\n<ul>\n<li><span style=\"color: #000000;\">Karolina Dominowska (8b) \u2013 przewodnicz\u0105ca,<\/span><\/li>\n<li><span style=\"color: #000000;\">Marika Szyma\u0144ska (8a) \u2013 zast\u0119pca przewodnicz\u0105cej,<\/span><\/li>\n<li><span style=\"color: #000000;\">Magdalena B\u0142aszczyk (7c) \u2013 sekretarz.<\/span><\/li>\n<\/ul>\n<p><span style=\"color: #000000;\">To w\u0142a\u015bnie spo\u015br\u00f3d nich wybierzemy nasz\u0105 przedstawicielk\u0119 w MRM.<\/span><\/p>\n<p><span style=\"color: #000000;\">Warto pami\u0119ta\u0107, \u017ce wybory odbywaj\u0105 si\u0119 zgodnie z ordynacj\u0105 wyborcz\u0105 okre\u015blon\u0105 <\/span><br \/>\n<span style=\"color: #000000;\">w statucie M\u0142odzie\u017cowej Rady Miasta P\u0142ocka (dost\u0119pnym w BIP Urz\u0119du Miasta P\u0142ocka). <\/span><br \/>\n<span style=\"color: #000000;\">W skali ca\u0142ego miasta o 35 mandat\u00f3w walczy 80 kandydat\u00f3w z 28 szk\u00f3\u0142.<\/span><\/p>\n<p><span style=\"color: #000000;\">Zach\u0119camy do:<\/span><\/p>\n<ul>\n<li><span style=\"color: #000000;\">zapoznania si\u0119 z plakatami wyborczymi umieszczonymi na tablicy SU przy wyj\u015bciu,<\/span><\/li>\n<li><span style=\"color: #000000;\">rozm\u00f3w z kandydatkami i poznania ich pomys\u0142\u00f3w,<\/span><\/li>\n<li><span style=\"color: #000000;\">oddania g\u0142osu 15 grudnia!<\/span><\/li>\n<\/ul>\n<p><span style=\"color: #000000;\">To Wasz g\u0142os i Wasza szansa, by mie\u0107 wp\u0142yw na to, co dzieje si\u0119 w P\u0142ocku!<\/span><\/p>\n<p><span style=\"color: #000000;\"><em>Opracowanie materia\u0142u: Celina Krysi\u0144ska<\/em><\/span><\/p>\n<p><img loading=\"lazy\" decoding=\"async\" class=\"alignnone size-medium wp-image-13043\" src=\"https:\/\/sp22.pl\/nowa\/wp-content\/uploads\/2025\/12\/foto_2-221x300.jpg\" alt=\"Kolorowy plakat promuj\u0105cy kandydatk\u0119 w wyborach do M\u0142odzie\u017cowej Rady Miasta. Zawiera zdj\u0119cia uczennicy i grafik\u0119 ilustruj\u0105c\u0105 ratusz oraz wypunktowane pomys\u0142y i propozycje, kt\u00f3re chce realizowa\u0107. Na plakacie widoczne s\u0105 r\u00f3wnie\u017c has\u0142a wyborcze motywuj\u0105ce do g\u0142osowania. \" width=\"221\" height=\"300\" srcset=\"https:\/\/sp22.pl\/nowa\/wp-content\/uploads\/2025\/12\/foto_2-221x300.jpg 221w, https:\/\/sp22.pl\/nowa\/wp-content\/uploads\/2025\/12\/foto_2.jpg 727w\" sizes=\"auto, (max-width: 221px) 100vw, 221px\" \/> <img loading=\"lazy\" decoding=\"async\" class=\"alignnone size-medium wp-image-13044\" src=\"https:\/\/sp22.pl\/nowa\/wp-content\/uploads\/2025\/12\/foto_3-227x300.jpg\" alt=\"Materia\u0142y wyborcze kandydatki do M\u0142odzie\u017cowej Rady Miasta. Na plakacie widnieje jej fotografir oraz do\u015b\u0107 szczeg\u00f3\u0142owy opis programu i najwa\u017cniejszych obietnic. Ca\u0142o\u015b\u0107 utrzymana w \u017cywych kolorach z has\u0142ami zach\u0119caj\u0105cymi do oddania g\u0142osu.\" width=\"227\" height=\"300\" srcset=\"https:\/\/sp22.pl\/nowa\/wp-content\/uploads\/2025\/12\/foto_3-227x300.jpg 227w, https:\/\/sp22.pl\/nowa\/wp-content\/uploads\/2025\/12\/foto_3.jpg 746w\" sizes=\"auto, (max-width: 227px) 100vw, 227px\" \/> <img loading=\"lazy\" decoding=\"async\" class=\"wp-image-13045 alignleft\" src=\"https:\/\/sp22.pl\/nowa\/wp-content\/uploads\/2025\/12\/foto_1-300x215.jpg\" alt=\"Plakat wyborczy kandydatki do M\u0142odzie\u017cowej Rady Miasta P\u0142ocka. Kolorowa grafika przedstawiaj\u0105ca dwa zdj\u0119cia uczennicy. Obok znajduje si\u0119 kr\u00f3tki program wyborczy i has\u0142a zach\u0119caj\u0105ce do oddania na ni\u0105 g\u0142osu.\" width=\"416\" height=\"298\" srcset=\"https:\/\/sp22.pl\/nowa\/wp-content\/uploads\/2025\/12\/foto_1-300x215.jpg 300w, https:\/\/sp22.pl\/nowa\/wp-content\/uploads\/2025\/12\/foto_1-768x550.jpg 768w, https:\/\/sp22.pl\/nowa\/wp-content\/uploads\/2025\/12\/foto_1.jpg 970w\" sizes=\"auto, (max-width: 416px) 100vw, 416px\" \/><\/p>\n","protected":false},"excerpt":{"rendered":"<p>&#46;&#46;&#46;<\/p>\n","protected":false},"author":5,"featured_media":12974,"comment_status":"open","ping_status":"open","sticky":false,"template":"","format":"standard","meta":{"ngg_post_thumbnail":0,"footnotes":""},"categories":[1],"tags":[],"class_list":["post-12972","post","type-post","status-publish","format-standard","has-post-thumbnail","hentry","category-wiadomosci"],"_links":{"self":[{"href":"https:\/\/sp22.pl\/nowa\/index.php\/wp-json\/wp\/v2\/posts\/12972","targetHints":{"allow":["GET"]}}],"collection":[{"href":"https:\/\/sp22.pl\/nowa\/index.php\/wp-json\/wp\/v2\/posts"}],"about":[{"href":"https:\/\/sp22.pl\/nowa\/index.php\/wp-json\/wp\/v2\/types\/post"}],"author":[{"embeddable":true,"href":"https:\/\/sp22.pl\/nowa\/index.php\/wp-json\/wp\/v2\/users\/5"}],"replies":[{"embeddable":true,"href":"https:\/\/sp22.pl\/nowa\/index.php\/wp-json\/wp\/v2\/comments?post=12972"}],"version-history":[{"count":4,"href":"https:\/\/sp22.pl\/nowa\/index.php\/wp-json\/wp\/v2\/posts\/12972\/revisions"}],"predecessor-version":[{"id":13048,"href":"https:\/\/sp22.pl\/nowa\/index.php\/wp-json\/wp\/v2\/posts\/12972\/revisions\/13048"}],"wp:featuredmedia":[{"embeddable":true,"href":"https:\/\/sp22.pl\/nowa\/index.php\/wp-json\/wp\/v2\/media\/12974"}],"wp:attachment":[{"href":"https:\/\/sp22.pl\/nowa\/index.php\/wp-json\/wp\/v2\/media?parent=12972"}],"wp:term":[{"taxonomy":"category","embeddable":true,"href":"https:\/\/sp22.pl\/nowa\/index.php\/wp-json\/wp\/v2\/categories?post=12972"},{"taxonomy":"post_tag","embeddable":true,"href":"https:\/\/sp22.pl\/nowa\/index.php\/wp-json\/wp\/v2\/tags?post=12972"}],"curies":[{"name":"wp","href":"https:\/\/api.w.org\/{rel}","templated":true}]}}