{"id":12882,"date":"2025-12-05T18:31:11","date_gmt":"2025-12-05T17:31:11","guid":{"rendered":"https:\/\/sp22.pl\/nowa\/?p=12882"},"modified":"2025-12-08T18:37:50","modified_gmt":"2025-12-08T17:37:50","slug":"najpiekniejsza-tumska-choinka-2","status":"publish","type":"post","link":"https:\/\/sp22.pl\/nowa\/index.php\/2025\/12\/05\/najpiekniejsza-tumska-choinka-2\/","title":{"rendered":"Najpi\u0119kniejsza Tumska Choinka"},"content":{"rendered":"<p class=\"western\" align=\"left\"><span style=\"font-family: Arial, sans-serif; color: #000000;\"><span style=\"font-size: medium;\">\u015awi\u0105teczna magia ponownie opanowa\u0142a ulic\u0119 Tumsk\u0105! Ruszy\u0142a kolejna edycja konkursu \u201eNAJPI\u0118KNIEJSZA TUMSKA CHOINKA\u201d. W tym roku nasz\u0105 Szko\u0142\u0119, z ogromnym zaanga\u017cowaniem, reprezentuje niebieska grupa \u015bwietlicowa , w sk\u0142ad kt\u00f3rej wchodz\u0105 Dzieci z klasy 1b i 1e. Uczniowie w\u0142asnor\u0119cznie przygotowali ozdoby i z rado\u015bci\u0105 udekorowali swoje drzewko. Choinka stoi na ulicy Tumskiej, na g\u0142\u00f3wnym deptaku, tu\u017c obok sklepu Lilou. \u0141atwo j\u0105 odnale\u017a\u0107 i trudno przej\u015b\u0107 obok niej oboj\u0119tnie!<\/span><\/span><\/p>\n<p class=\"western\" align=\"left\"><span style=\"font-family: Arial, sans-serif; color: #000000;\"><span style=\"font-size: medium;\">G\u0142osowanie na \u201eNAJPI\u0118KNIEJSZ\u0104 TUMSK\u0104 CHOINK\u0118 2025\u201d trwa\u0107 b\u0119dzie od 5 do 18 grudnia 2025 roku na profilu Star\u00f3wka P\u0142ock na Facebooku. Aby odda\u0107 g\u0142os, wystarczy klikn\u0105\u0107 \u201eLubi\u0119 to\u201d pod zdj\u0119ciem wybranej choinki. Na zwyci\u0119zc\u00f3w czekaj\u0105 atrakcyjne nagrody!<\/span><\/span><\/p>\n<p class=\"western\" align=\"left\"><span style=\"font-family: Arial, sans-serif; color: #000000;\"><span style=\"font-size: medium;\">Jak zag\u0142osowa\u0107?<\/span><\/span><\/p>\n<ol>\n<li>\n<p align=\"left\"><span style=\"font-family: Arial, sans-serif; color: #000000;\"><span style=\"font-size: medium;\">Wejd\u017acie na profil Star\u00f3wka P\u0142ock na Facebooku.<\/span><\/span><\/p>\n<\/li>\n<li>\n<p align=\"left\"><span style=\"font-family: Arial, sans-serif; color: #000000;\"><span style=\"font-size: medium;\">Odszukajcie album \u201eNAJPI\u0118KNIEJSZA TUMSKA CHOINKA\u201d.<\/span><\/span><\/p>\n<\/li>\n<li>\n<p align=\"left\"><span style=\"font-family: Arial, sans-serif; color: #000000;\"><span style=\"font-size: medium;\">Znajd\u017acie zdj\u0119cie naszej choinki.<\/span><\/span><\/p>\n<\/li>\n<li>\n<p align=\"left\"><span style=\"font-family: Arial, sans-serif; color: #000000;\"><span style=\"font-size: medium;\">Zostawcie \u201eLubi\u0119 to\u201d pod zdj\u0119ciem.<\/span><\/span><\/p>\n<\/li>\n<\/ol>\n<p class=\"western\" align=\"left\"><span style=\"font-family: Arial, sans-serif; color: #000000;\"><span style=\"font-size: medium;\">Wygrywa drzewko z najwi\u0119ksz\u0105 liczb\u0105 polubie\u0144. Trzymamy kciuki za nasz\u0105 niebiesk\u0105 grup\u0119 i liczymy na Wasze wsparcie! <\/span><\/span><\/p>\n<p class=\"western\" align=\"left\"><span style=\"font-family: Arial, sans-serif; color: #000000;\"><span style=\"font-size: medium;\">Z g\u00f3ry bardzo dzi\u0119kujemy za wszystkie oddane g\u0142osy!!!&nbsp;<\/span><\/span><\/p>\n<p class=\"western\" align=\"left\"><span style=\"color: #000000;\"><em><span style=\"font-family: Arial, sans-serif;\"><span style=\"font-size: medium;\">Opracowanie materia\u0142u: Marta Olkuska<\/span><\/span><\/em><\/span><\/p>\nngg_shortcode_0_placeholder\n","protected":false},"excerpt":{"rendered":"<p>&#46;&#46;&#46;<\/p>\n","protected":false},"author":9,"featured_media":12886,"comment_status":"open","ping_status":"open","sticky":false,"template":"","format":"standard","meta":{"ngg_post_thumbnail":0,"footnotes":""},"categories":[1],"tags":[],"class_list":["post-12882","post","type-post","status-publish","format-standard","has-post-thumbnail","hentry","category-wiadomosci"],"_links":{"self":[{"href":"https:\/\/sp22.pl\/nowa\/index.php\/wp-json\/wp\/v2\/posts\/12882","targetHints":{"allow":["GET"]}}],"collection":[{"href":"https:\/\/sp22.pl\/nowa\/index.php\/wp-json\/wp\/v2\/posts"}],"about":[{"href":"https:\/\/sp22.pl\/nowa\/index.php\/wp-json\/wp\/v2\/types\/post"}],"author":[{"embeddable":true,"href":"https:\/\/sp22.pl\/nowa\/index.php\/wp-json\/wp\/v2\/users\/9"}],"replies":[{"embeddable":true,"href":"https:\/\/sp22.pl\/nowa\/index.php\/wp-json\/wp\/v2\/comments?post=12882"}],"version-history":[{"count":3,"href":"https:\/\/sp22.pl\/nowa\/index.php\/wp-json\/wp\/v2\/posts\/12882\/revisions"}],"predecessor-version":[{"id":12889,"href":"https:\/\/sp22.pl\/nowa\/index.php\/wp-json\/wp\/v2\/posts\/12882\/revisions\/12889"}],"wp:featuredmedia":[{"embeddable":true,"href":"https:\/\/sp22.pl\/nowa\/index.php\/wp-json\/wp\/v2\/media\/12886"}],"wp:attachment":[{"href":"https:\/\/sp22.pl\/nowa\/index.php\/wp-json\/wp\/v2\/media?parent=12882"}],"wp:term":[{"taxonomy":"category","embeddable":true,"href":"https:\/\/sp22.pl\/nowa\/index.php\/wp-json\/wp\/v2\/categories?post=12882"},{"taxonomy":"post_tag","embeddable":true,"href":"https:\/\/sp22.pl\/nowa\/index.php\/wp-json\/wp\/v2\/tags?post=12882"}],"curies":[{"name":"wp","href":"https:\/\/api.w.org\/{rel}","templated":true}]}}