{"id":12540,"date":"2025-11-19T13:12:40","date_gmt":"2025-11-19T12:12:40","guid":{"rendered":"https:\/\/sp22.pl\/nowa\/?p=12540"},"modified":"2025-11-22T07:26:25","modified_gmt":"2025-11-22T06:26:25","slug":"szkolna-debata-w-ramach-programu-szkola-dobrego-slowa","status":"publish","type":"post","link":"https:\/\/sp22.pl\/nowa\/index.php\/2025\/11\/19\/szkolna-debata-w-ramach-programu-szkola-dobrego-slowa\/","title":{"rendered":"Szkolna Debata w ramach programu \u201eSzko\u0142a Dobrego S\u0142owa\u201d"},"content":{"rendered":"<p><span style=\"font-family: Arial, sans-serif; color: #000000;\"><span style=\"font-size: medium;\">W naszej szkole odby\u0142a si\u0119 debata edukacyjna w ramach programu \u201eSzko\u0142a Dobrego S\u0142owa\u201d, kt\u00f3rej celem by\u0142o pokazanie, jak ogromny wp\u0142yw maj\u0105 s\u0142owa na codzienne relacje, atmosfer\u0119 w szkole oraz nasze samopoczucie. Debata okaza\u0142a si\u0119 warto\u015bciow\u0105 lekcj\u0105 komunikacji \u2014 uczniowie uczyli si\u0119 argumentowania, uwa\u017cnego s\u0142uchania, szacunku wobec rozm\u00f3wc\u00f3w oraz odpowiedzialno\u015bci za wypowiadane s\u0142owa.<\/span><\/span><\/p>\n<p><span style=\"font-family: Arial, sans-serif; color: #000000;\"><span style=\"font-size: medium;\">Debata to forma dyskusji oparta na kulturze dialogu. Jej zasady obejmuj\u0105 m.in. respektowanie odmiennych opinii, wypowiadanie si\u0119 w spos\u00f3b spokojny i rzeczowy, u\u017cywanie j\u0119zyka konstruktywnego oraz oparcie w\u0142asnych stanowisk na argumentach. Dzi\u0119ki takiemu modelowi rozmowy m\u0142odzie\u017c mog\u0142a swobodnie, ale z pe\u0142n\u0105 \u015bwiadomo\u015bci\u0105, wyra\u017ca\u0107 swoje pogl\u0105dy.<\/span><\/span><\/p>\n<p><span style=\"font-family: Arial, sans-serif; color: #000000;\"><span style=\"font-size: medium;\">Podczas spotkania uczestnicy pochylili si\u0119 nad pytaniami:<br \/>\nCzy s\u0142owa maj\u0105 moc? Czyje i jakie s\u0142owa poruszaj\u0105 nas najmocniej? Jakie s\u0142owa powinny dominowa\u0107 w szkole, a jakich nam brakuje? Jakie s\u0142owa wzmacniaj\u0105, a jakie obci\u0105\u017caj\u0105? Jakie s\u0142owa wynosimy z domu? Jakie s\u0105 \u201ez\u0142ote s\u0142owa\u201d nauczycieli, kt\u00f3re zostaj\u0105 z nami na d\u0142ugo?<\/span><\/span><\/p>\n<p><span style=\"font-family: Arial, sans-serif; color: #000000;\"><span style=\"font-size: medium;\">Dyskusja pokaza\u0142a, \u017ce dobre s\u0142owo potrafi budowa\u0107, dodawa\u0107 odwagi i poczucia bezpiecze\u0144stwa, natomiast s\u0142owa rani\u0105ce \u2014 os\u0142abia\u0107 i zniech\u0119ca\u0107. Uczniowie wsp\u00f3lnie doszli do wniosku, \u017ce w szkolnej codzienno\u015bci powinno by\u0107 wi\u0119cej komunikat\u00f3w wspieraj\u0105cych, motywuj\u0105cych i pe\u0142nych szacunku, bo to one tworz\u0105 atmosfer\u0119 sprzyjaj\u0105c\u0105 rozwojowi i poczuciu przynale\u017cno\u015bci.<\/span><\/span><\/p>\n<p><span style=\"font-family: Arial, sans-serif; color: #000000;\"><span style=\"font-size: medium;\">Debata by\u0142a nie tylko rozmow\u0105, ale te\u017c wa\u017cnym przypomnieniem, \u017ce j\u0119zyk, kt\u00f3rego u\u017cywamy na co dzie\u0144, realnie kszta\u0142tuje nasze relacje i szkoln\u0105 kultur\u0119. Warto wi\u0119c dba\u0107 o dobre s\u0142owa \u2014 bo one naprawd\u0119 maj\u0105 moc!<\/span><\/span><\/p>\n<p><span style=\"color: #000000;\"><em><span style=\"font-family: Arial, sans-serif;\"><span style=\"font-size: medium;\">Koordynator przedsi\u0119wzi\u0119cia i opracowanie materia\u0142u: Martyna Skrodzka<\/span><\/span><\/em><\/span><\/p>\nngg_shortcode_0_placeholder\n","protected":false},"excerpt":{"rendered":"<p>&#46;&#46;&#46;<\/p>\n","protected":false},"author":9,"featured_media":12541,"comment_status":"open","ping_status":"open","sticky":false,"template":"","format":"standard","meta":{"ngg_post_thumbnail":0,"footnotes":""},"categories":[1],"tags":[],"class_list":["post-12540","post","type-post","status-publish","format-standard","has-post-thumbnail","hentry","category-wiadomosci"],"_links":{"self":[{"href":"https:\/\/sp22.pl\/nowa\/index.php\/wp-json\/wp\/v2\/posts\/12540","targetHints":{"allow":["GET"]}}],"collection":[{"href":"https:\/\/sp22.pl\/nowa\/index.php\/wp-json\/wp\/v2\/posts"}],"about":[{"href":"https:\/\/sp22.pl\/nowa\/index.php\/wp-json\/wp\/v2\/types\/post"}],"author":[{"embeddable":true,"href":"https:\/\/sp22.pl\/nowa\/index.php\/wp-json\/wp\/v2\/users\/9"}],"replies":[{"embeddable":true,"href":"https:\/\/sp22.pl\/nowa\/index.php\/wp-json\/wp\/v2\/comments?post=12540"}],"version-history":[{"count":10,"href":"https:\/\/sp22.pl\/nowa\/index.php\/wp-json\/wp\/v2\/posts\/12540\/revisions"}],"predecessor-version":[{"id":12563,"href":"https:\/\/sp22.pl\/nowa\/index.php\/wp-json\/wp\/v2\/posts\/12540\/revisions\/12563"}],"wp:featuredmedia":[{"embeddable":true,"href":"https:\/\/sp22.pl\/nowa\/index.php\/wp-json\/wp\/v2\/media\/12541"}],"wp:attachment":[{"href":"https:\/\/sp22.pl\/nowa\/index.php\/wp-json\/wp\/v2\/media?parent=12540"}],"wp:term":[{"taxonomy":"category","embeddable":true,"href":"https:\/\/sp22.pl\/nowa\/index.php\/wp-json\/wp\/v2\/categories?post=12540"},{"taxonomy":"post_tag","embeddable":true,"href":"https:\/\/sp22.pl\/nowa\/index.php\/wp-json\/wp\/v2\/tags?post=12540"}],"curies":[{"name":"wp","href":"https:\/\/api.w.org\/{rel}","templated":true}]}}