{"id":12524,"date":"2025-11-17T12:53:14","date_gmt":"2025-11-17T11:53:14","guid":{"rendered":"https:\/\/sp22.pl\/nowa\/?p=12524"},"modified":"2025-11-22T07:21:47","modified_gmt":"2025-11-22T06:21:47","slug":"wycieczka-wolontariuszy-ze-szkolnego-klubu-wolontariatu-uskrzydleni-na-cmentarz-garnizonowy-w-plocku","status":"publish","type":"post","link":"https:\/\/sp22.pl\/nowa\/index.php\/2025\/11\/17\/wycieczka-wolontariuszy-ze-szkolnego-klubu-wolontariatu-uskrzydleni-na-cmentarz-garnizonowy-w-plocku\/","title":{"rendered":"Wizyta Wolontariuszy ze Szkolnego Klubu Wolontariatu \u201eUskrzydleni\u201d na Cmentarzu Garnizonowym w P\u0142ocku"},"content":{"rendered":"<p><span style=\"color: #000000;\"><span style=\"font-family: Arial, sans-serif;\"><span style=\"font-size: medium;\">Cz\u0142onkowie Szkolnego Klubu Wolontariatu odwiedzili Cmentarz Garnizonowy w P\u0142ocku, aby uporz\u0105dkowa\u0107 wybrane mogi\u0142y oraz zapali\u0107 znicze pami\u0119ci. Wyj\u015bcie mia\u0142o wyj\u0105tkowy charakter wychowawczy i edukacyjny \u2014 m\u0142odzie\u017c mog\u0142a<br \/>\nw ciszy i zadumie pochyli\u0107 si\u0119 nad histori\u0105 miejsca, ucz\u0105c si\u0119 szacunku dla tradycji, odpowiedzialno\u015bci za wsp\u00f3lne dziedzictwo oraz wra\u017cliwo\u015bci na losy tych, kt\u00f3rzy odeszli.<\/span><\/span><\/span><\/p>\n<p><span style=\"color: #000000;\"><span style=\"font-family: Arial, sans-serif;\"><span style=\"font-size: medium;\">Serdecznie dzi\u0119kujemy ca\u0142ej spo\u0142eczno\u015bci szkolnej za przekazane znicze. Dzi\u0119ki Waszej hojno\u015bci ka\u017cda mogi\u0142a,<br \/>\nkt\u00f3r\u0105 obj\u0119li\u015bmy opiek\u0105, zosta\u0142a roz\u015bwietlona p\u0142omykiem pami\u0119ci. To pi\u0119kny gest wsp\u00f3lnoty i dow\u00f3d, \u017ce warto\u015bci patriotyzmu i troski o histori\u0119 s\u0105 nam bliskie.<\/span><\/span><\/span><\/p>\n<p><span style=\"color: #000000;\"><span style=\"font-family: Arial, sans-serif;\"><span style=\"font-size: medium;\">Na Cmentarzu Garnizonowym w P\u0142ocku spoczywaj\u0105 \u017co\u0142nierze r\u00f3\u017cnych formacji, uczestnicy wojen i walk o niepodleg\u0142o\u015b\u0107, a tak\u017ce osoby zas\u0142u\u017cone dla miasta. Historia tego miejsca si\u0119ga pocz\u0105tk\u00f3w XX wieku, kiedy utworzono je jako nekropoli\u0119 wojskow\u0105, b\u0119d\u0105c\u0105 dzi\u015b wa\u017cnym \u015bwiadectwem lokalnych dziej\u00f3w i trudnych los\u00f3w minionych pokole\u0144.<\/span><\/span><\/span><\/p>\n<p><span style=\"color: #000000;\"><span style=\"font-family: Arial, sans-serif;\"><span style=\"font-size: medium;\">Podczas wizyty \u201eszumia\u0142 pami\u0119ci wiatr\u201d, nios\u0105c refleksj\u0119 o tych, kt\u00f3rzy oddali \u017cycie za Ojczyzn\u0119. To spotkanie z histori\u0105 uczy pokory, wdzi\u0119czno\u015bci i odpowiedzialno\u015bci za piel\u0119gnowanie pami\u0119ci, kt\u00f3ra \u2014 gdy o ni\u0105 dbamy \u2014 \u017cyje dalej<br \/>\nw naszych sercach.<\/span><\/span><\/span><\/p>\n<p><em><span style=\"color: #000000;\"><span style=\"font-family: Arial, sans-serif;\"><span style=\"font-size: medium;\">Koordynator przedsi\u0119wzi\u0119cia i opracowanie materia\u0142u: Martyna Skrodzka<\/span><\/span><\/span><\/em><\/p>\nngg_shortcode_0_placeholder\n","protected":false},"excerpt":{"rendered":"<p>&#46;&#46;&#46;<\/p>\n","protected":false},"author":9,"featured_media":12525,"comment_status":"open","ping_status":"open","sticky":false,"template":"","format":"standard","meta":{"ngg_post_thumbnail":0,"footnotes":""},"categories":[1],"tags":[],"class_list":["post-12524","post","type-post","status-publish","format-standard","has-post-thumbnail","hentry","category-wiadomosci"],"_links":{"self":[{"href":"https:\/\/sp22.pl\/nowa\/index.php\/wp-json\/wp\/v2\/posts\/12524","targetHints":{"allow":["GET"]}}],"collection":[{"href":"https:\/\/sp22.pl\/nowa\/index.php\/wp-json\/wp\/v2\/posts"}],"about":[{"href":"https:\/\/sp22.pl\/nowa\/index.php\/wp-json\/wp\/v2\/types\/post"}],"author":[{"embeddable":true,"href":"https:\/\/sp22.pl\/nowa\/index.php\/wp-json\/wp\/v2\/users\/9"}],"replies":[{"embeddable":true,"href":"https:\/\/sp22.pl\/nowa\/index.php\/wp-json\/wp\/v2\/comments?post=12524"}],"version-history":[{"count":8,"href":"https:\/\/sp22.pl\/nowa\/index.php\/wp-json\/wp\/v2\/posts\/12524\/revisions"}],"predecessor-version":[{"id":12556,"href":"https:\/\/sp22.pl\/nowa\/index.php\/wp-json\/wp\/v2\/posts\/12524\/revisions\/12556"}],"wp:featuredmedia":[{"embeddable":true,"href":"https:\/\/sp22.pl\/nowa\/index.php\/wp-json\/wp\/v2\/media\/12525"}],"wp:attachment":[{"href":"https:\/\/sp22.pl\/nowa\/index.php\/wp-json\/wp\/v2\/media?parent=12524"}],"wp:term":[{"taxonomy":"category","embeddable":true,"href":"https:\/\/sp22.pl\/nowa\/index.php\/wp-json\/wp\/v2\/categories?post=12524"},{"taxonomy":"post_tag","embeddable":true,"href":"https:\/\/sp22.pl\/nowa\/index.php\/wp-json\/wp\/v2\/tags?post=12524"}],"curies":[{"name":"wp","href":"https:\/\/api.w.org\/{rel}","templated":true}]}}