{"id":12487,"date":"2025-11-20T09:22:48","date_gmt":"2025-11-20T08:22:48","guid":{"rendered":"https:\/\/sp22.pl\/nowa\/?p=12487"},"modified":"2025-11-22T19:25:22","modified_gmt":"2025-11-22T18:25:22","slug":"nasza-szkola-przystapila-do-ogolnopolskiego-programu-szkola-dobrego-slowa","status":"publish","type":"post","link":"https:\/\/sp22.pl\/nowa\/index.php\/2025\/11\/20\/nasza-szkola-przystapila-do-ogolnopolskiego-programu-szkola-dobrego-slowa\/","title":{"rendered":"Og\u00f3lnopolski Program \u201eSzko\u0142a Dobrego S\u0142owa\u201d"},"content":{"rendered":"<p><span style=\"font-family: Arial, serif; color: #000000;\"><span style=\"font-size: medium;\">Nasza szko\u0142a przyst\u0105pi\u0142a do Og\u00f3lnopolskiego Programu \u201eSzko\u0142a Dobrego S\u0142owa\u201d.<\/span><\/span><\/p>\n<p><span style=\"font-family: Times New Roman, serif; color: #000000;\"><span style=\"font-size: medium;\"><span style=\"font-family: Arial, serif;\">S\u0142owa maj\u0105 moc nie&nbsp;tylko&nbsp;w&nbsp;sensie dos\u0142ownym, ale&nbsp;tak\u017ce w wymiarze emocjonalnym. Ka\u017cde wypowiadane s\u0142owo mo\u017ce budowa\u0107 lub&nbsp;burzy\u0107, inspirowa\u0107 lub&nbsp;zniech\u0119ca\u0107. Rani\u0105ce s\u0142owa potrafi\u0105 pozostawi\u0107 g\u0142\u0119bokie \u015blady w&nbsp;psychice osoby, do&nbsp;kt\u00f3rej s\u0105 kierowane, jednocze\u015bnie mog\u0105 podwa\u017ca\u0107 poczucie w\u0142asnej warto\u015bci, wywo\u0142ywa\u0107 smutek, gniew lub&nbsp;poczucie samotno\u015bci. <\/span><\/span><\/span><\/p>\n<p><span style=\"font-family: Times New Roman, serif; color: #000000;\"><span style=\"font-size: medium;\"><span style=\"font-family: Arial, serif;\">Komunikacja pe\u0142na zrozumienia i&nbsp;empatii wzmacnia wi\u0119zi spo\u0142eczne, buduje mosty mi\u0119dzy lud\u017ami. Pozytywne s\u0142owa wspieraj\u0105 i&nbsp;wzmacniaj\u0105, kszta\u0142tuj\u0105 i&nbsp;pomagaj\u0105 w&nbsp;zrozumieniu otaczaj\u0105cej rzeczywisto\u015bci. <\/span><\/span><\/span><\/p>\n<p><span style=\"font-family: Times New Roman, serif; color: #000000;\"><span style=\"font-size: medium;\"><span style=\"font-family: Arial, serif;\">Wsp\u00f3lnie chcemy budowa\u0107 kultur\u0119 empatycznej komunikacji, \u017cyczliwo\u015bci i odpowiedzialno\u015bci j\u0119zykowej. Wierzymy, \u017ce s\u0142owa maj\u0105 moc, zw\u0142aszcza w szkole.<\/span><\/span><\/span><\/p>\n<p><span style=\"font-family: Times New Roman, serif; color: #000000;\"><span style=\"font-size: medium;\"><span style=\"font-family: Arial, serif;\">Pami\u0119tajmy, \u017cadna bro\u0144, ani&nbsp;\u017caden w\u0142adca nie&nbsp;mo\u017ce mierzy\u0107&nbsp;si\u0119 z&nbsp;pot\u0119g\u0105 jednego s\u0142owa.&nbsp;<\/span><\/span><\/span><\/p>\n<p><span style=\"font-family: Times New Roman, serif; color: #000000;\"><span style=\"font-size: medium;\"><span style=\"font-family: Arial, serif;\">W realizacj\u0119 projektu aktywnie w\u0142\u0105czy\u0142 si\u0119 Szkolny Klub Wolontariatu \u201eUskrzydleni\u201d, kt\u00f3ry b\u0119dzie wspiera\u0142 uczni\u00f3w w realizacji dzia\u0142a\u0144.<\/span><\/span><\/span><\/p>\n<p><span style=\"color: #000000;\"><span style=\"font-family: Arial, serif;\"><span style=\"font-size: medium;\">G\u0142\u00f3wnymi za\u0142o\u017ceniami programu s\u0105:<\/span><\/span> <span style=\"font-family: Arial, serif;\"><span style=\"font-size: medium;\">kszta\u0142towanie kultury j\u0119zyka i komunikacji opartej na szacunku<\/span><\/span><span style=\"font-family: Arial, serif;\"><span style=\"font-size: medium;\">,<\/span><\/span><span style=\"font-family: Arial, serif;\"><span style=\"font-size: medium;\"> rozwijanie empatii i wra\u017cliwo\u015bci wobec innych<\/span><\/span><span style=\"font-family: Arial, serif;\"><span style=\"font-size: medium;\">, <\/span><\/span><span style=\"font-family: Arial, serif;\"><span style=\"font-size: medium;\">przeciwdzia\u0142anie hejtowi oraz promowanie pozytywnej komunikacji w\u015br\u00f3d uczni\u00f3w, nauczycieli i rodzic\u00f3w.<\/span><\/span><\/span><\/p>\n<p><span style=\"font-family: Times New Roman, serif; color: #000000;\"><span style=\"font-size: medium;\"><span style=\"font-family: Arial, serif;\">Wierzymy, \u017ce wsp\u00f3lnie zbudujemy klimat edukacji oparty na empatii, szacunku i dobrej komunikacji.<\/span><\/span><\/span><\/p>\n<p><span style=\"font-family: Arial, serif; color: #000000;\"><span style=\"font-size: medium;\">#Szko\u0142aDobregoS\u0142owa<\/span><\/span><\/p>\n<p><span style=\"font-family: Arial, serif; color: #000000;\"><span style=\"font-size: medium;\">#FundacjaPozytywni<\/span><\/span><\/p>\n<p><span style=\"font-family: Arial, serif; color: #000000;\"><span style=\"font-size: medium;\">#S\u0142owaMaj\u0105Moc<\/span><\/span><\/p>\n<p><span style=\"color: #000000;\"><em>Opracowanie materia\u0142u: Martyna Skrodzka<\/em><\/span><\/p>\n<p><img loading=\"lazy\" decoding=\"async\" class=\"size-medium wp-image-12488 aligncenter\" src=\"https:\/\/sp22.pl\/nowa\/wp-content\/uploads\/2025\/11\/Slowa-maja-moc-300x252.jpg\" alt=\"Kolorowa, okr\u0105g\u0142a grafika z napisem S\u0142owa maj\u0105 moc - Szko\u0142a dobrego s\u0142owa - na \u015brodku r\u0119ce z serduszkami i logo SP22\" width=\"300\" height=\"252\" srcset=\"https:\/\/sp22.pl\/nowa\/wp-content\/uploads\/2025\/11\/Slowa-maja-moc-300x252.jpg 300w, https:\/\/sp22.pl\/nowa\/wp-content\/uploads\/2025\/11\/Slowa-maja-moc-1024x858.jpg 1024w, https:\/\/sp22.pl\/nowa\/wp-content\/uploads\/2025\/11\/Slowa-maja-moc-768x644.jpg 768w, https:\/\/sp22.pl\/nowa\/wp-content\/uploads\/2025\/11\/Slowa-maja-moc.jpg 1058w\" sizes=\"auto, (max-width: 300px) 100vw, 300px\" \/><\/p>\n","protected":false},"excerpt":{"rendered":"<p>&#46;&#46;&#46;<\/p>\n","protected":false},"author":8,"featured_media":12489,"comment_status":"open","ping_status":"open","sticky":false,"template":"","format":"standard","meta":{"ngg_post_thumbnail":0,"footnotes":""},"categories":[1],"tags":[],"class_list":["post-12487","post","type-post","status-publish","format-standard","has-post-thumbnail","hentry","category-wiadomosci"],"_links":{"self":[{"href":"https:\/\/sp22.pl\/nowa\/index.php\/wp-json\/wp\/v2\/posts\/12487","targetHints":{"allow":["GET"]}}],"collection":[{"href":"https:\/\/sp22.pl\/nowa\/index.php\/wp-json\/wp\/v2\/posts"}],"about":[{"href":"https:\/\/sp22.pl\/nowa\/index.php\/wp-json\/wp\/v2\/types\/post"}],"author":[{"embeddable":true,"href":"https:\/\/sp22.pl\/nowa\/index.php\/wp-json\/wp\/v2\/users\/8"}],"replies":[{"embeddable":true,"href":"https:\/\/sp22.pl\/nowa\/index.php\/wp-json\/wp\/v2\/comments?post=12487"}],"version-history":[{"count":4,"href":"https:\/\/sp22.pl\/nowa\/index.php\/wp-json\/wp\/v2\/posts\/12487\/revisions"}],"predecessor-version":[{"id":12569,"href":"https:\/\/sp22.pl\/nowa\/index.php\/wp-json\/wp\/v2\/posts\/12487\/revisions\/12569"}],"wp:featuredmedia":[{"embeddable":true,"href":"https:\/\/sp22.pl\/nowa\/index.php\/wp-json\/wp\/v2\/media\/12489"}],"wp:attachment":[{"href":"https:\/\/sp22.pl\/nowa\/index.php\/wp-json\/wp\/v2\/media?parent=12487"}],"wp:term":[{"taxonomy":"category","embeddable":true,"href":"https:\/\/sp22.pl\/nowa\/index.php\/wp-json\/wp\/v2\/categories?post=12487"},{"taxonomy":"post_tag","embeddable":true,"href":"https:\/\/sp22.pl\/nowa\/index.php\/wp-json\/wp\/v2\/tags?post=12487"}],"curies":[{"name":"wp","href":"https:\/\/api.w.org\/{rel}","templated":true}]}}