{"id":12352,"date":"2025-11-07T17:39:41","date_gmt":"2025-11-07T16:39:41","guid":{"rendered":"https:\/\/sp22.pl\/nowa\/?p=12352"},"modified":"2025-11-11T21:03:45","modified_gmt":"2025-11-11T20:03:45","slug":"szkola-do-hymnu-2025","status":"publish","type":"post","link":"https:\/\/sp22.pl\/nowa\/index.php\/2025\/11\/07\/szkola-do-hymnu-2025\/","title":{"rendered":"SZKO\u0141A DO HYMNU 2025"},"content":{"rendered":"<p>&nbsp;<\/p>\n<p style=\"text-align: left;\"><span style=\"color: #000000;\"><span style=\"font-family: Liberation Serif, serif;\"><span style=\"font-size: medium;\"><span style=\"font-family: Arial, sans-serif;\">AKCJA- REAKCJA! SP 22, JAK ZAWSZE, JEST W GOTOWO\u015aCI!<\/span><\/span><\/span><\/span><\/p>\n<p style=\"text-align: left;\"><span style=\"color: #000000;\"><span style=\"font-family: Liberation Serif, serif;\"><span style=\"font-size: medium;\"><span style=\"font-family: Arial, sans-serif;\">W tym roku, po raz kolejny, nasza Szko\u0142a w\u0142\u0105czy\u0142a si\u0119 w og\u00f3lnopolsk\u0105 akcj\u0119 \u201eSzko\u0142a do hymnu\u201d.<br \/>\n7 listopada 2025r., o godzinie 11:11, Nauczyciele, Uczniowie oraz Pracownicy Administracji uroczy\u015bcie od\u015bpiewali,<br \/>\nna szkolnym forum, hymn pa\u0144stwowy. Inicjatorem projektu jest Ministerstwo Edukacji i Nauki, kt\u00f3re zach\u0119ci\u0142o plac\u00f3wki o\u015bwiatowe do od\u015bpiewania, o symbolicznej godzinie, \u201eMazurka D\u0105browskiego\u201d. Celem akcji jest zach\u0119cenie dzieci<br \/>\ni m\u0142odzie\u017cy do wsp\u00f3lnej celebracji Narodowego \u015awi\u0119ta Niepodleg\u0142o\u015bci oraz kszta\u0142towanie szacunku wobec polskich symboli narodowych.<\/span><\/span><\/span><\/span><\/p>\n<p style=\"text-align: left;\"><em><span style=\"color: #000000;\"><span style=\"font-family: Liberation Serif, serif;\"><span style=\"font-size: medium;\"><span style=\"font-family: Arial, sans-serif;\">Opracowanie materia\u0142u<\/span><span style=\"font-family: Arial, sans-serif;\">: <\/span><span style=\"font-family: Arial, sans-serif;\">Natalia Szwech, Iwona Ko\u0142odziejska<\/span><\/span><\/span><\/span><\/em><\/p>\n<p>&nbsp;<\/p>\n<p><center><\/center><center><\/center><center><\/center><center><\/center><div style=\"width: 1920px;\" class=\"wp-video\"><video class=\"wp-video-shortcode\" id=\"video-12352-1\" width=\"1920\" height=\"1080\" preload=\"metadata\" controls=\"controls\"><source type=\"video\/mp4\" src=\"https:\/\/sp22.pl\/nowa\/wp-content\/uploads\/2025\/11\/SZKOLA-DO-HYMNU_2025.mp4?_=1\" \/><a href=\"https:\/\/sp22.pl\/nowa\/wp-content\/uploads\/2025\/11\/SZKOLA-DO-HYMNU_2025.mp4\">https:\/\/sp22.pl\/nowa\/wp-content\/uploads\/2025\/11\/SZKOLA-DO-HYMNU_2025.mp4<\/a><\/video><\/div><\/p>\n<p>&nbsp;<\/p>\n","protected":false},"excerpt":{"rendered":"<p>&#46;&#46;&#46;<\/p>\n","protected":false},"author":4,"featured_media":12355,"comment_status":"open","ping_status":"open","sticky":false,"template":"","format":"standard","meta":{"ngg_post_thumbnail":0,"footnotes":""},"categories":[1],"tags":[],"class_list":["post-12352","post","type-post","status-publish","format-standard","has-post-thumbnail","hentry","category-wiadomosci"],"_links":{"self":[{"href":"https:\/\/sp22.pl\/nowa\/index.php\/wp-json\/wp\/v2\/posts\/12352","targetHints":{"allow":["GET"]}}],"collection":[{"href":"https:\/\/sp22.pl\/nowa\/index.php\/wp-json\/wp\/v2\/posts"}],"about":[{"href":"https:\/\/sp22.pl\/nowa\/index.php\/wp-json\/wp\/v2\/types\/post"}],"author":[{"embeddable":true,"href":"https:\/\/sp22.pl\/nowa\/index.php\/wp-json\/wp\/v2\/users\/4"}],"replies":[{"embeddable":true,"href":"https:\/\/sp22.pl\/nowa\/index.php\/wp-json\/wp\/v2\/comments?post=12352"}],"version-history":[{"count":9,"href":"https:\/\/sp22.pl\/nowa\/index.php\/wp-json\/wp\/v2\/posts\/12352\/revisions"}],"predecessor-version":[{"id":12365,"href":"https:\/\/sp22.pl\/nowa\/index.php\/wp-json\/wp\/v2\/posts\/12352\/revisions\/12365"}],"wp:featuredmedia":[{"embeddable":true,"href":"https:\/\/sp22.pl\/nowa\/index.php\/wp-json\/wp\/v2\/media\/12355"}],"wp:attachment":[{"href":"https:\/\/sp22.pl\/nowa\/index.php\/wp-json\/wp\/v2\/media?parent=12352"}],"wp:term":[{"taxonomy":"category","embeddable":true,"href":"https:\/\/sp22.pl\/nowa\/index.php\/wp-json\/wp\/v2\/categories?post=12352"},{"taxonomy":"post_tag","embeddable":true,"href":"https:\/\/sp22.pl\/nowa\/index.php\/wp-json\/wp\/v2\/tags?post=12352"}],"curies":[{"name":"wp","href":"https:\/\/api.w.org\/{rel}","templated":true}]}}