{"id":12174,"date":"2025-10-29T17:14:22","date_gmt":"2025-10-29T16:14:22","guid":{"rendered":"https:\/\/sp22.pl\/nowa\/?p=12174"},"modified":"2025-10-29T17:14:22","modified_gmt":"2025-10-29T16:14:22","slug":"dni-wolne-od-zajec-lekcyjnych","status":"publish","type":"post","link":"https:\/\/sp22.pl\/nowa\/index.php\/2025\/10\/29\/dni-wolne-od-zajec-lekcyjnych\/","title":{"rendered":"Dni wolne od zaj\u0119\u0107 lekcyjnych"},"content":{"rendered":"<p><img loading=\"lazy\" decoding=\"async\" class=\"alignnone size-full wp-image-12177\" src=\"https:\/\/sp22.pl\/nowa\/wp-content\/uploads\/2025\/10\/01_dni_wolne_2025_2026-1.png\" alt=\"Na \u017c\u00f3\u0142tym tle, w niebieskiej p\u0119tli informacje, i\u017c 31 pa\u017adziernika oraz 10 listopada s\u0105 dniami wolnymi od zaj\u0119\u0107 lekcyjnych, a w tych dniach odbywa\u0107 si\u0119 b\u0119d\u0105 zaj\u0119cia opieku\u0144czo-wychowawcze dla zg\u0142oszonych wcze\u015bniej dzieci. W prawym, g\u00f3rnym rogu logo SP22.\" width=\"1024\" height=\"980\" srcset=\"https:\/\/sp22.pl\/nowa\/wp-content\/uploads\/2025\/10\/01_dni_wolne_2025_2026-1.png 1024w, https:\/\/sp22.pl\/nowa\/wp-content\/uploads\/2025\/10\/01_dni_wolne_2025_2026-1-300x287.png 300w, https:\/\/sp22.pl\/nowa\/wp-content\/uploads\/2025\/10\/01_dni_wolne_2025_2026-1-768x735.png 768w\" sizes=\"auto, (max-width: 1024px) 100vw, 1024px\" \/><\/p>\n","protected":false},"excerpt":{"rendered":"","protected":false},"author":9,"featured_media":12175,"comment_status":"open","ping_status":"open","sticky":false,"template":"","format":"standard","meta":{"ngg_post_thumbnail":0,"footnotes":""},"categories":[1],"tags":[],"class_list":["post-12174","post","type-post","status-publish","format-standard","has-post-thumbnail","hentry","category-wiadomosci"],"_links":{"self":[{"href":"https:\/\/sp22.pl\/nowa\/index.php\/wp-json\/wp\/v2\/posts\/12174","targetHints":{"allow":["GET"]}}],"collection":[{"href":"https:\/\/sp22.pl\/nowa\/index.php\/wp-json\/wp\/v2\/posts"}],"about":[{"href":"https:\/\/sp22.pl\/nowa\/index.php\/wp-json\/wp\/v2\/types\/post"}],"author":[{"embeddable":true,"href":"https:\/\/sp22.pl\/nowa\/index.php\/wp-json\/wp\/v2\/users\/9"}],"replies":[{"embeddable":true,"href":"https:\/\/sp22.pl\/nowa\/index.php\/wp-json\/wp\/v2\/comments?post=12174"}],"version-history":[{"count":1,"href":"https:\/\/sp22.pl\/nowa\/index.php\/wp-json\/wp\/v2\/posts\/12174\/revisions"}],"predecessor-version":[{"id":12178,"href":"https:\/\/sp22.pl\/nowa\/index.php\/wp-json\/wp\/v2\/posts\/12174\/revisions\/12178"}],"wp:featuredmedia":[{"embeddable":true,"href":"https:\/\/sp22.pl\/nowa\/index.php\/wp-json\/wp\/v2\/media\/12175"}],"wp:attachment":[{"href":"https:\/\/sp22.pl\/nowa\/index.php\/wp-json\/wp\/v2\/media?parent=12174"}],"wp:term":[{"taxonomy":"category","embeddable":true,"href":"https:\/\/sp22.pl\/nowa\/index.php\/wp-json\/wp\/v2\/categories?post=12174"},{"taxonomy":"post_tag","embeddable":true,"href":"https:\/\/sp22.pl\/nowa\/index.php\/wp-json\/wp\/v2\/tags?post=12174"}],"curies":[{"name":"wp","href":"https:\/\/api.w.org\/{rel}","templated":true}]}}