{"id":12147,"date":"2025-10-28T06:00:45","date_gmt":"2025-10-28T05:00:45","guid":{"rendered":"https:\/\/sp22.pl\/nowa\/?p=12147"},"modified":"2025-10-28T08:10:01","modified_gmt":"2025-10-28T07:10:01","slug":"dzien-postaci-z-bajek-zapraszamy-do-zabawy","status":"publish","type":"post","link":"https:\/\/sp22.pl\/nowa\/index.php\/2025\/10\/28\/dzien-postaci-z-bajek-zapraszamy-do-zabawy\/","title":{"rendered":"Dzie\u0144 Postaci z Bajek &#8211; zapraszamy do zabawy!"},"content":{"rendered":"<p><span style=\"color: #000000;\">Szanowni Pa\u0144stwo,<\/span><br \/>\n<span style=\"color: #000000;\">Drodzy Uczniowie,<\/span><\/p>\n<p><span style=\"color: #000000;\">5 listopada obchodzony jest&nbsp;<strong>Mi\u0119dzynarodowy Dzie\u0144 Postaci z Bajek<\/strong>, \u015bwi\u0119to wszystkich, kt\u00f3rzy kochaj\u0105 magiczny \u015bwiat opowie\u015bci, fantazji i bohater\u00f3w z dzieci\u0144stwa. Z tej okazji&nbsp;<strong>Samorz\u0105d Uczniowski<\/strong>&nbsp;zaprasza ca\u0142\u0105 spo\u0142eczno\u015b\u0107 szkoln\u0105 do udzia\u0142u w szkolnych obchodach Dnia Postaci z Bajek, kt\u00f3re odb\u0119d\u0105 si\u0119&nbsp;<strong>w czwartek, 30 pa\u017adziernika<\/strong>.<\/span><\/p>\n<p><span style=\"color: #000000;\">Tego dnia zach\u0119camy wszystkich uczni\u00f3w, nauczycieli oraz pracownik\u00f3w szko\u0142y do&nbsp;<strong>przebrania si\u0119 za ulubione postaci bajkowe<\/strong>&nbsp;\u2013 mog\u0105 to by\u0107 bohaterowie klasycznych bajek, wsp\u00f3\u0142czesnych animacji, film\u00f3w czy ksi\u0105\u017cek.<\/span><br \/>\n<span style=\"color: #000000;\">Dopuszczalne s\u0105 r\u00f3wnie\u017c&nbsp;<strong>stroje w klimacie Halloween<\/strong>, je\u015bli kto\u015b woli nieco bardziej tajemniczy charakter przebrania.<\/span><\/p>\n<p><span style=\"color: #000000;\">Dodatkowo informujemy, \u017ce pani Marta Szumska b\u0119dzie robi\u0142a ch\u0119tnym przebiera\u0144com pami\u0105tkowe zdj\u0119cia:<\/span><br \/>\n<span style=\"color: #000000;\">&#8211;&nbsp;<strong>o godz. 10:35<\/strong>&nbsp;\u2013 na sali gimnastycznej w&nbsp;<em>\u201ema\u0142ej szkole\u201d<\/em>,<\/span><br \/>\n<span style=\"color: #000000;\"><strong>&#8211; o godz. 11:30<\/strong>&nbsp;\u2013 na forum&nbsp;<em>\u201edu\u017cej szko\u0142y\u201d<\/em>.<\/span><\/p>\n<p><span style=\"color: #000000;\">Liczymy na kreatywno\u015b\u0107, u\u015bmiech i dobr\u0105 zabaw\u0119!<\/span><br \/>\n<span style=\"color: #000000;\">Niech nasza szko\u0142a tego dnia zamieni si\u0119 w kolorow\u0105 krain\u0119 bajek i fantazji.<\/span><\/p>\n<p><span style=\"color: #000000;\">Z bajkowymi pozdrowieniami,<\/span><br \/>\n<span style=\"color: #000000;\"><strong>Samorz\u0105d Uczniowski<\/strong><\/span><\/p>\n","protected":false},"excerpt":{"rendered":"<p>&#46;&#46;&#46;<\/p>\n","protected":false},"author":5,"featured_media":12146,"comment_status":"open","ping_status":"open","sticky":false,"template":"","format":"standard","meta":{"ngg_post_thumbnail":0,"footnotes":""},"categories":[1],"tags":[],"class_list":["post-12147","post","type-post","status-publish","format-standard","has-post-thumbnail","hentry","category-wiadomosci"],"_links":{"self":[{"href":"https:\/\/sp22.pl\/nowa\/index.php\/wp-json\/wp\/v2\/posts\/12147","targetHints":{"allow":["GET"]}}],"collection":[{"href":"https:\/\/sp22.pl\/nowa\/index.php\/wp-json\/wp\/v2\/posts"}],"about":[{"href":"https:\/\/sp22.pl\/nowa\/index.php\/wp-json\/wp\/v2\/types\/post"}],"author":[{"embeddable":true,"href":"https:\/\/sp22.pl\/nowa\/index.php\/wp-json\/wp\/v2\/users\/5"}],"replies":[{"embeddable":true,"href":"https:\/\/sp22.pl\/nowa\/index.php\/wp-json\/wp\/v2\/comments?post=12147"}],"version-history":[{"count":3,"href":"https:\/\/sp22.pl\/nowa\/index.php\/wp-json\/wp\/v2\/posts\/12147\/revisions"}],"predecessor-version":[{"id":12150,"href":"https:\/\/sp22.pl\/nowa\/index.php\/wp-json\/wp\/v2\/posts\/12147\/revisions\/12150"}],"wp:featuredmedia":[{"embeddable":true,"href":"https:\/\/sp22.pl\/nowa\/index.php\/wp-json\/wp\/v2\/media\/12146"}],"wp:attachment":[{"href":"https:\/\/sp22.pl\/nowa\/index.php\/wp-json\/wp\/v2\/media?parent=12147"}],"wp:term":[{"taxonomy":"category","embeddable":true,"href":"https:\/\/sp22.pl\/nowa\/index.php\/wp-json\/wp\/v2\/categories?post=12147"},{"taxonomy":"post_tag","embeddable":true,"href":"https:\/\/sp22.pl\/nowa\/index.php\/wp-json\/wp\/v2\/tags?post=12147"}],"curies":[{"name":"wp","href":"https:\/\/api.w.org\/{rel}","templated":true}]}}