{"id":12048,"date":"2025-10-20T19:59:51","date_gmt":"2025-10-20T17:59:51","guid":{"rendered":"https:\/\/sp22.pl\/nowa\/?p=12048"},"modified":"2025-10-22T20:49:25","modified_gmt":"2025-10-22T18:49:25","slug":"dzien-edukacji-narodowej-4","status":"publish","type":"post","link":"https:\/\/sp22.pl\/nowa\/index.php\/2025\/10\/20\/dzien-edukacji-narodowej-4\/","title":{"rendered":"Dzie\u0144 Edukacji Narodowej"},"content":{"rendered":"<p class=\"western\" align=\"left\"><span style=\"color: #000000;\"><span style=\"font-family: Arial, sans-serif;\"><span style=\"font-size: medium;\">10 pa\u017adziernika 2025r. w naszej Szkole obchodzili\u015bmy Dzie\u0144 Edukacji Narodowej. <\/span><\/span><\/span><span style=\"color: #000000;\"><span style=\"font-family: Arial, sans-serif;\"><span style=\"font-size: medium;\">Z tego powodu odby\u0142 si\u0119 okoliczno\u015bciowy apel. <\/span><\/span><\/span><\/p>\n<p class=\"western\" align=\"left\"><span style=\"color: #000000;\"><span style=\"font-family: Arial, sans-serif;\"><span style=\"font-size: medium;\">W cz\u0119\u015bci artystycznej mogli\u015bmy obejrze\u0107 scenk\u0119, rozgrywaj\u0105c\u0105 si\u0119 w szkolnej sali, podczas kt\u00f3rej Uczniowie rozmawiali na temat cech idealnego nauczyciela. Potem wyst\u0119puj\u0105ce Dzieci przedstawi\u0142y rys historyczny Dnia Edukacji Narodowej wraz z ciekawostkami na temat tego \u015bwi\u0119ta. Ponadto obecne na apelu Grono Pedagogiczne wzi\u0119\u0142o udzia\u0142 w quizie wiedzy. By\u0142o wielu zg\u0142aszaj\u0105cych si\u0119 do odpowiedzi, a Ci, kt\u00f3rzy odpowiedzieli poprawnie na postawione pytania, otrzymali nagrod\u0119.<\/span><\/span><\/span><\/p>\n<p><span style=\"color: #000000;\"><span style=\"font-family: Arial, sans-serif;\"><span style=\"font-size: medium;\">Aktorami byli Uczniowie klasy 3c, 3e i 3f \u2013 Ewa Wochnowicz, Ma\u0142gorzata G\u0105siorowska, Michalina Nicka, Helena Andrzejczyk, Alicja Sukiennik, Lena B\u0105blewska, Maja Felczak, Nela G\u00f3recka i Igor Zwierzchowski. W trakcie apelu wyst\u0105pi\u0142 r\u00f3wnie\u017c zesp\u00f3\u0142 Tu Tu Band oraz Ch\u00f3r Tu Tu pod opiek\u0105 Pana \u0141ukasza Grockiego.<\/span><\/span><\/span><\/p>\n<p class=\"western\" align=\"left\"><span style=\"color: #000000;\"><span style=\"font-family: Arial, sans-serif;\"><span style=\"font-size: medium;\">Po tej cz\u0119\u015bci, Pani Dyrektor- Marlena B\u0142achowicz oraz Przewodnicz\u0105cy Rady Rodzic\u00f3w- Pan Przemys\u0142aw Zieli\u0144ski z\u0142o\u017cyli \u017cyczenia ca\u0142emu Gronu Pedagogicznemu oraz pozosta\u0142ym Pracownikom Szko\u0142y. Nast\u0119pnie Pani Dyrektor, wraz z Pani\u0105 Wicedyrektor- Monik\u0105 Przemy\u0142sk\u0105 i Pani\u0105 Wicedyrektor- Iwon\u0105 Ko\u0142odziejsk\u0105, wr\u0119czy\u0142a Nagrody Dyrektora Szko\u0142y zas\u0142u\u017conym Pracownikom, gratuluj\u0105c sukces\u00f3w w pracy.<\/span><\/span><\/span><\/p>\n<p class=\"western\" align=\"left\"><span style=\"color: #000000;\"><span style=\"font-family: Arial, sans-serif;\"><span style=\"font-size: medium;\">Na koniec og\u0142oszone zosta\u0142y wyniki g\u0142osowania przeprowadzonego w ramach kolejnej edycji Bud\u017cetu Obywatelskiego. Dzi\u0119ki ogromnemu zaanga\u017cowaniu Rodzic\u00f3w, Uczni\u00f3w i Przyjaci\u00f3\u0142 Szko\u0142y, nasz projekt nr 12 wygra\u0142! Ca\u0142a spo\u0142eczno\u015b\u0107 szkolna tego dnia \u015bwi\u0119towa\u0142a sukces! Na holu zosta\u0142a ustawiona okoliczno\u015bciowa \u015bcianka, przy kt\u00f3rej mo\u017cna by\u0142o robi\u0107 sobie pami\u0105tkowe zdj\u0119cia. Dla wszystkich klas zosta\u0142y tak\u017ce przygotowane s\u0142odycze, a przy akompaniamencie<br \/>\n\u201eWe are the champions\u201d wystrzelono konfetti. <\/span><\/span><\/span><\/p>\n<p class=\"western\" align=\"left\"><span style=\"color: #000000;\"><span style=\"font-family: Arial, sans-serif;\"><span style=\"font-size: medium;\">Koordynatorem apelu by\u0142a Pani Marzena Tomaszewska-Gdak. Pan \u0141ukasz Grocki zadba\u0142, wraz z zespo\u0142em i ch\u00f3rem,<br \/>\no opraw\u0119 muzyczn\u0105, a Pani Marta Szumska uwieczni\u0142a na zdj\u0119ciach ten wyj\u0105tkowy dzie\u0144. Dekoracja zosta\u0142a wykonana przez zesp\u00f3\u0142 \u015bwietlicy \u2013 Pani\u0105 Ann\u0119 B\u0142aszczyk, Pani\u0105 Ann\u0119 Dymek, Pani\u0105 Agat\u0119 Jasion, Pani\u0105 Iwon\u0119 J\u0119drzejewsk\u0105, Pani\u0105 King\u0119 Tobot\u0119, Pani\u0105 Magdalen\u0119 Grabarczyk, Pani\u0105 And\u017celik\u0119 Staniszewsk\u0105, Pani\u0105 Mart\u0119 Olkulsk\u0105, Pani\u0105 Justyn\u0119 Chyrzy\u0144sk\u0105.<\/span><\/span><\/span><\/p>\n<p class=\"western\" align=\"left\"><span style=\"color: #000000;\"><span style=\"font-family: Arial, sans-serif;\"><span style=\"font-size: medium;\">Wszystkim Nauczycielom oraz pozosta\u0142ym Pracownikom Szko\u0142y, z okazji Ich \u015bwi\u0119ta, sk\u0142adamy najserdeczniejsze \u017cyczenia!<\/span><\/span><\/span><\/p>\n<p align=\"left\"><span style=\"color: #000000;\"><em>Koordynator przedsi\u0119wzi\u0119cia: <span style=\"font-family: Arial, sans-serif;\"><span style=\"font-size: medium;\">Marzena Tomaszewska-Gdak<\/span><\/span><\/em><\/span><\/p>\n<p class=\"western\" align=\"left\"><em><span style=\"color: #000000;\"><span style=\"font-family: Arial, sans-serif;\"><span style=\"font-size: medium;\">Opracowanie materia\u0142u: Marzena Tomaszewska-Gdak<\/span><\/span><\/span><\/em><\/p>\nngg_shortcode_0_placeholder\n","protected":false},"excerpt":{"rendered":"<p>&#46;&#46;&#46;<\/p>\n","protected":false},"author":9,"featured_media":12049,"comment_status":"open","ping_status":"open","sticky":false,"template":"","format":"standard","meta":{"ngg_post_thumbnail":0,"footnotes":""},"categories":[1],"tags":[],"class_list":["post-12048","post","type-post","status-publish","format-standard","has-post-thumbnail","hentry","category-wiadomosci"],"_links":{"self":[{"href":"https:\/\/sp22.pl\/nowa\/index.php\/wp-json\/wp\/v2\/posts\/12048","targetHints":{"allow":["GET"]}}],"collection":[{"href":"https:\/\/sp22.pl\/nowa\/index.php\/wp-json\/wp\/v2\/posts"}],"about":[{"href":"https:\/\/sp22.pl\/nowa\/index.php\/wp-json\/wp\/v2\/types\/post"}],"author":[{"embeddable":true,"href":"https:\/\/sp22.pl\/nowa\/index.php\/wp-json\/wp\/v2\/users\/9"}],"replies":[{"embeddable":true,"href":"https:\/\/sp22.pl\/nowa\/index.php\/wp-json\/wp\/v2\/comments?post=12048"}],"version-history":[{"count":13,"href":"https:\/\/sp22.pl\/nowa\/index.php\/wp-json\/wp\/v2\/posts\/12048\/revisions"}],"predecessor-version":[{"id":12062,"href":"https:\/\/sp22.pl\/nowa\/index.php\/wp-json\/wp\/v2\/posts\/12048\/revisions\/12062"}],"wp:featuredmedia":[{"embeddable":true,"href":"https:\/\/sp22.pl\/nowa\/index.php\/wp-json\/wp\/v2\/media\/12049"}],"wp:attachment":[{"href":"https:\/\/sp22.pl\/nowa\/index.php\/wp-json\/wp\/v2\/media?parent=12048"}],"wp:term":[{"taxonomy":"category","embeddable":true,"href":"https:\/\/sp22.pl\/nowa\/index.php\/wp-json\/wp\/v2\/categories?post=12048"},{"taxonomy":"post_tag","embeddable":true,"href":"https:\/\/sp22.pl\/nowa\/index.php\/wp-json\/wp\/v2\/tags?post=12048"}],"curies":[{"name":"wp","href":"https:\/\/api.w.org\/{rel}","templated":true}]}}