{"id":11971,"date":"2025-10-21T16:11:32","date_gmt":"2025-10-21T14:11:32","guid":{"rendered":"https:\/\/sp22.pl\/nowa\/?p=11971"},"modified":"2025-12-05T03:25:59","modified_gmt":"2025-12-05T02:25:59","slug":"konkurs-mapa-mysli-czas-wolny-bezpieczny-i-zdrowy","status":"publish","type":"post","link":"https:\/\/sp22.pl\/nowa\/index.php\/2025\/10\/21\/konkurs-mapa-mysli-czas-wolny-bezpieczny-i-zdrowy\/","title":{"rendered":"Konkurs &#8222;Mapa my\u015bli &#8211; czas wolny bezpieczny i zdrowy&#8221;"},"content":{"rendered":"<p style=\"text-align: center;\"><span style=\"color: #000080;\">,,Projekt edukacyjny &#8211; \u017byjemy \u015bwiadomie, aktywnie i bezpiecznie w \u015bwiecie pe\u0142nym zagro\u017ce\u0144&#8221; wsp\u00f3\u0142finansowany w ramach <\/span><\/p>\n<p style=\"text-align: center;\"><span style=\"color: #000080;\">,,Rz\u0105dowego programu ograniczania przest\u0119pczo\u015bci i aspo\u0142ecznych zachowa\u0144 Razem bezpieczniej na lata 2025 &#8211; 2028&#8243;<\/span><\/p>\n<p><img loading=\"lazy\" decoding=\"async\" class=\"wp-image-12812 aligncenter\" src=\"https:\/\/sp22.pl\/nowa\/wp-content\/uploads\/2025\/11\/rzadowy_program_belka_2_2025_2026.png\" alt=\"Logo programu Razem bezpieczniej przedstawiaj\u0105ce z\u0142\u0105czone d\u0142onie, logo Szko\u0142y Podstawowej nr 22 w P\u0142ocku oraz informacja na temat rz\u0105dowego programu zawieraj\u0105ca flag\u0119 oraz god\u0142o Polski.\" width=\"490\" height=\"225\" srcset=\"https:\/\/sp22.pl\/nowa\/wp-content\/uploads\/2025\/11\/rzadowy_program_belka_2_2025_2026.png 980w, https:\/\/sp22.pl\/nowa\/wp-content\/uploads\/2025\/11\/rzadowy_program_belka_2_2025_2026-300x138.png 300w, https:\/\/sp22.pl\/nowa\/wp-content\/uploads\/2025\/11\/rzadowy_program_belka_2_2025_2026-768x353.png 768w\" sizes=\"auto, (max-width: 490px) 100vw, 490px\" \/><\/p>\n<p align=\"left\"><span style=\"color: #000000;\"><span style=\"font-family: Arial, sans-serif;\"><span style=\"font-size: medium;\">Szkolny Klub Wolontariatu Uskrzydleni serdecznie zaprasza uczni\u00f3w klas I-IV do udzia\u0142u w konkursie <\/span><\/span><span style=\"font-family: Arial, sans-serif;\"><span style=\"font-size: medium;\">\u201eMapa my\u015bli \u2013 Czas wolny bezpieczny i zdrowy\u201d! <\/span><\/span><\/span><\/p>\n<p align=\"left\"><span style=\"color: #000000;\"><span style=\"font-family: Arial, sans-serif;\"><span style=\"font-size: medium;\">Lubisz rysowa\u0107, planowa\u0107, my\u015ble\u0107 kreatywnie? Ten konkurs jest dla Ciebie!<\/span><\/span><\/span><\/p>\n<p align=\"left\"><span style=\"color: #000000;\"><span style=\"font-family: Arial, sans-serif;\"><span style=\"font-size: medium;\">Twoim zadaniem jest stworzenie mapy my\u015bli na temat: \u201eCzas wolny \u2013 bezpieczny i zdrowy\u201d. Poka\u017c, jak sp\u0119dza\u0107 wolny czas w spos\u00f3b, kt\u00f3ry dba o Twoje zdrowie i bezpiecze\u0144stwo \u2013 ciekawie, aktywnie, z g\u0142ow\u0105!<\/span><\/span><\/span><\/p>\n<p align=\"left\"><span style=\"color: #000000;\"><span style=\"font-family: Arial, sans-serif;\"><span style=\"font-size: medium;\">Co to jest mapa my\u015bli?<\/span><\/span><\/span><\/p>\n<p align=\"left\"><span style=\"color: #000000;\"><span style=\"font-family: Arial, sans-serif;\"><span style=\"font-size: medium;\">Mapa my\u015bli to graficzna forma notatki, kt\u00f3ra pokazuje powi\u0105zania mi\u0119dzy pomys\u0142ami.<\/span><\/span><\/span><\/p>\n<p align=\"left\"><span style=\"color: #000000;\"><span style=\"font-family: Arial, sans-serif;\"><span style=\"font-size: medium;\">Na \u015brodku umieszczasz g\u0142\u00f3wny temat, a wok\u00f3\u0142 niego \u2013 zwi\u0105zane z nim has\u0142a, rysunki i skojarzenia. To \u015bwietny spos\u00f3b na pokazanie swojej kreatywno\u015bci i uporz\u0105dkowane my\u015blenie!<\/span><\/span><\/span><\/p>\n<p align=\"left\"><span style=\"color: #000000;\"><span style=\"font-family: Arial, sans-serif;\"><span style=\"font-size: medium;\">Dlaczego warto wzi\u0105\u0107 udzia\u0142?<\/span><\/span><\/span><\/p>\n<ul>\n<li>\n<p align=\"left\"><span style=\"color: #000000;\"><span style=\"font-family: Arial, sans-serif;\"><span style=\"font-size: medium;\">Rozwiniesz swoj\u0105 kreatywno\u015b\u0107. <\/span><\/span><\/span><\/p>\n<\/li>\n<li>\n<p align=\"left\"><span style=\"color: #000000;\"><span style=\"font-family: Arial, sans-serif;\"><span style=\"font-size: medium;\">Nauczysz si\u0119 planowa\u0107 zdrowy i bezpieczny czas wolny. <\/span><\/span><\/span><\/p>\n<\/li>\n<li>\n<p align=\"left\"><span style=\"color: #000000;\"><span style=\"font-family: Arial, sans-serif;\"><span style=\"font-size: medium;\">Masz szans\u0119 na nagrody i wyr\u00f3\u017cnienia!<\/span><\/span> <\/span><\/p>\n<\/li>\n<li>\n<p align=\"left\"><span style=\"color: #000000;\"><span style=\"font-family: Arial, sans-serif;\"><span style=\"font-size: medium;\">Twoja praca mo\u017ce zosta\u0107 zaprezentowana szerszemu gronu.<\/span><\/span><\/span><\/p>\n<\/li>\n<\/ul>\n<p align=\"left\"><span style=\"color: #000000;\"><span style=\"font-family: Arial, sans-serif;\"><span style=\"font-size: medium;\">Nie zwlekaj \u2013 chwy\u0107 za kartk\u0119, kolorowe flamastry (lub stw\u00f3rz map\u0119 cyfrowo) i poka\u017c, jak wed\u0142ug Ciebie wygl\u0105da bezpieczny i zdrowy czas wolny!<\/span><\/span><\/span><\/p>\n<p align=\"left\">&nbsp;<\/p>\n<p align=\"left\"><span style=\"color: #000000;\"><span style=\"font-family: Arial, sans-serif;\"><span style=\"font-size: medium;\">Termin oddania prac: <strong>28 X 2025r.<\/strong><\/span><\/span><\/span><\/p>\n<p align=\"left\"><span style=\"color: #000000;\"><span style=\"font-family: Arial, sans-serif;\"><span style=\"font-size: medium;\">Podpisane prace sk\u0142adamy w pokoju nauczycielskim w ma\u0142ej szkole.<\/span><\/span><\/span><\/p>\n<p align=\"left\"><span style=\"color: #000000;\"><span style=\"font-family: Arial, sans-serif;\"><span style=\"font-size: medium;\">Format pracy i technika dowolne.<\/span><\/span><\/span><\/p>\n<p align=\"left\"><span style=\"color: #000000;\"><span style=\"font-family: Arial, sans-serif;\"><span style=\"font-size: medium;\">Do dzie\u0142a \u2013 czekamy na Twoj\u0105 map\u0119 my\u015bli!<\/span><\/span><\/span><\/p>\n<p align=\"left\">&nbsp;<\/p>\n<p align=\"left\"><span style=\"color: #000000;\"><span style=\"font-family: Times New Roman, serif;\"><span style=\"font-size: medium;\"><span style=\"font-family: Arial, sans-serif;\">Realizacja projektu edukacyjnego &#8222;\u017byjemy \u015bwiadomie, aktywnie<\/span> <span style=\"font-family: Arial, sans-serif;\">i bezpiecznie w \u015bwiecie pe\u0142nym zagro\u017ce\u0144\u201d w ramach Rz\u0105dowego programu<\/span> <span style=\"font-family: Arial, sans-serif;\">ograniczania przest\u0119pczo\u015bci i aspo\u0142ecznych zachowa\u0144 \u201eRAZEM BEZPIECZNIEJ&#8221; .<\/span><\/span><\/span><\/span><\/p>\n<p align=\"left\"><span style=\"color: #000000;\"><span style=\"font-family: Arial, sans-serif;\"><span style=\"font-size: medium;\">Opracowanie: p. Martyna Skrodzka<\/span><\/span><\/span><\/p>\nngg_shortcode_0_placeholder\n","protected":false},"excerpt":{"rendered":"<p>&#46;&#46;&#46;<\/p>\n","protected":false},"author":9,"featured_media":11972,"comment_status":"open","ping_status":"open","sticky":false,"template":"","format":"standard","meta":{"ngg_post_thumbnail":0,"footnotes":""},"categories":[1],"tags":[],"class_list":["post-11971","post","type-post","status-publish","format-standard","has-post-thumbnail","hentry","category-wiadomosci"],"_links":{"self":[{"href":"https:\/\/sp22.pl\/nowa\/index.php\/wp-json\/wp\/v2\/posts\/11971","targetHints":{"allow":["GET"]}}],"collection":[{"href":"https:\/\/sp22.pl\/nowa\/index.php\/wp-json\/wp\/v2\/posts"}],"about":[{"href":"https:\/\/sp22.pl\/nowa\/index.php\/wp-json\/wp\/v2\/types\/post"}],"author":[{"embeddable":true,"href":"https:\/\/sp22.pl\/nowa\/index.php\/wp-json\/wp\/v2\/users\/9"}],"replies":[{"embeddable":true,"href":"https:\/\/sp22.pl\/nowa\/index.php\/wp-json\/wp\/v2\/comments?post=11971"}],"version-history":[{"count":4,"href":"https:\/\/sp22.pl\/nowa\/index.php\/wp-json\/wp\/v2\/posts\/11971\/revisions"}],"predecessor-version":[{"id":12819,"href":"https:\/\/sp22.pl\/nowa\/index.php\/wp-json\/wp\/v2\/posts\/11971\/revisions\/12819"}],"wp:featuredmedia":[{"embeddable":true,"href":"https:\/\/sp22.pl\/nowa\/index.php\/wp-json\/wp\/v2\/media\/11972"}],"wp:attachment":[{"href":"https:\/\/sp22.pl\/nowa\/index.php\/wp-json\/wp\/v2\/media?parent=11971"}],"wp:term":[{"taxonomy":"category","embeddable":true,"href":"https:\/\/sp22.pl\/nowa\/index.php\/wp-json\/wp\/v2\/categories?post=11971"},{"taxonomy":"post_tag","embeddable":true,"href":"https:\/\/sp22.pl\/nowa\/index.php\/wp-json\/wp\/v2\/tags?post=11971"}],"curies":[{"name":"wp","href":"https:\/\/api.w.org\/{rel}","templated":true}]}}