{"id":11912,"date":"2025-10-07T14:39:54","date_gmt":"2025-10-07T12:39:54","guid":{"rendered":"https:\/\/sp22.pl\/nowa\/?p=11912"},"modified":"2025-10-16T14:50:13","modified_gmt":"2025-10-16T12:50:13","slug":"rajd-pieczonego-ziemniaka","status":"publish","type":"post","link":"https:\/\/sp22.pl\/nowa\/index.php\/2025\/10\/07\/rajd-pieczonego-ziemniaka\/","title":{"rendered":"Rajd Pieczonego Ziemniaka"},"content":{"rendered":"<p><span style=\"color: #000000;\"><span style=\"font-family: Arial, sans-serif;\"><span style=\"font-size: medium;\">27 wrze\u015bnia 2025 roku odby\u0142 si\u0119 Rajd Pieczonego Ziemniaka, w kt\u00f3rym wzi\u0119li udzia\u0142 Uczniowie i Opiekunowie<br \/>\nnaszej Szko\u0142y.<\/span><\/span><\/span><\/p>\n<p><span style=\"color: #000000;\"><span style=\"font-family: Arial, sans-serif;\"><span style=\"font-size: medium;\">Wyruszyli\u015bmy spod Szko\u0142y Podstawowej nr 22 w P\u0142ocku, sk\u0105d udali\u015bmy si\u0119 na miejsce zbi\u00f3rki, a nast\u0119pnie autokarem pojechali\u015bmy do Koszel\u00f3wki. <\/span><\/span><\/span><span style=\"color: #000000;\"><span style=\"font-family: Arial, sans-serif;\"><span style=\"font-size: medium;\">Piesza trasa liczy\u0142a oko\u0142o 12 kilometr\u00f3w i prowadzi\u0142a malowniczymi terenami z Koszel\u00f3wki do \u0141\u0105cka. <\/span><\/span><\/span><span style=\"color: #000000;\"><span style=\"font-family: Arial, sans-serif;\"><span style=\"font-size: medium;\">Pogoda Nam dopisa\u0142a, a uczestnicy mogli podziwia\u0107 pi\u0119kno jesiennego krajobrazu, ciesz\u0105c si\u0119 wsp\u00f3lnym w\u0119drowaniem. <\/span><\/span><\/span><span style=\"color: #000000;\"><span style=\"font-family: Arial, sans-serif;\"><span style=\"font-size: medium;\">Na mecie czeka\u0142o na nas ognisko, przy kt\u00f3rym ka\u017cdy uczestnik m\u00f3g\u0142 upiec swoj\u0105 kie\u0142bask\u0119 oraz skosztowa\u0107 pieczonego ziemniaka \u2013 symbolu rajdu. <\/span><\/span><\/span><span style=\"color: #000000;\"><span style=\"font-family: Arial, sans-serif;\"><span style=\"font-size: medium;\">Po wsp\u00f3lnym biesiadowaniu wzi\u0119li\u015bmy udzia\u0142 w konkursach<br \/>\ni zabawach zorganizowanych dla Dzieci w ramach obchod\u00f3w 75-lecia PTTK.<\/span><\/span><\/span><\/p>\n<p><span style=\"color: #000000;\">Podczas rajdu panowa\u0142a radosna i przyjazna atmosfera. Uczestnicy mieli okazj\u0119 nie tylko aktywnie sp\u0119dzi\u0107 czas na \u015bwie\u017cym powietrzu, ale tak\u017ce pozna\u0107 ciekawostki krajoznawcze i sprawdzi\u0107 swoj\u0105 wiedz\u0119 podczas konkurs\u00f3w. <\/span><span style=\"color: #000000;\"><span style=\"font-family: Arial, sans-serif;\"><span style=\"font-size: medium;\">Wszyscy wr\u00f3cili<br \/>\nz u\u015bmiechami na twarzach i z nadziej\u0105 na kolejne takie wydarzenia w przysz\u0142o\u015bci, a Uczniowie z Naszej Szko\u0142y spisali<br \/>\nsi\u0119 na medal! <\/span><\/span><\/span><\/p>\n<p><span style=\"color: #000000;\"><span style=\"font-family: Arial, sans-serif;\"><span style=\"font-size: medium;\">Uplasowali\u015bmy si\u0119 na II miejscu i dostali\u015bmy ogromny puchar! <\/span><\/span><\/span><span style=\"color: #000000;\"><span style=\"font-family: Arial, sans-serif;\"><span style=\"font-size: medium;\">Wydarzenie by\u0142o doskona\u0142\u0105 okazj\u0105 do integracji<br \/>\noraz promowania turystyki pieszej w\u015br\u00f3d najm\u0142odszych.<\/span><\/span><\/span><\/p>\n<p><span style=\"color: #000000;\"><span style=\"font-family: Arial, sans-serif;\"><span style=\"font-size: medium;\">Jeste\u015bmy dumni z naszych Uczni\u00f3w!<\/span><\/span><\/span><\/p>\n<p>&nbsp;<\/p>\n<p><span style=\"color: #000000;\"><span style=\"font-family: Arial, sans-serif;\"><span style=\"font-size: medium;\">Opracowanie: p. Kinga Tobota<\/span><\/span><\/span><\/p>\nngg_shortcode_0_placeholder\n","protected":false},"excerpt":{"rendered":"<p>&#46;&#46;&#46;<\/p>\n","protected":false},"author":9,"featured_media":11913,"comment_status":"open","ping_status":"open","sticky":false,"template":"","format":"standard","meta":{"ngg_post_thumbnail":0,"footnotes":""},"categories":[1],"tags":[],"class_list":["post-11912","post","type-post","status-publish","format-standard","has-post-thumbnail","hentry","category-wiadomosci"],"_links":{"self":[{"href":"https:\/\/sp22.pl\/nowa\/index.php\/wp-json\/wp\/v2\/posts\/11912","targetHints":{"allow":["GET"]}}],"collection":[{"href":"https:\/\/sp22.pl\/nowa\/index.php\/wp-json\/wp\/v2\/posts"}],"about":[{"href":"https:\/\/sp22.pl\/nowa\/index.php\/wp-json\/wp\/v2\/types\/post"}],"author":[{"embeddable":true,"href":"https:\/\/sp22.pl\/nowa\/index.php\/wp-json\/wp\/v2\/users\/9"}],"replies":[{"embeddable":true,"href":"https:\/\/sp22.pl\/nowa\/index.php\/wp-json\/wp\/v2\/comments?post=11912"}],"version-history":[{"count":7,"href":"https:\/\/sp22.pl\/nowa\/index.php\/wp-json\/wp\/v2\/posts\/11912\/revisions"}],"predecessor-version":[{"id":11920,"href":"https:\/\/sp22.pl\/nowa\/index.php\/wp-json\/wp\/v2\/posts\/11912\/revisions\/11920"}],"wp:featuredmedia":[{"embeddable":true,"href":"https:\/\/sp22.pl\/nowa\/index.php\/wp-json\/wp\/v2\/media\/11913"}],"wp:attachment":[{"href":"https:\/\/sp22.pl\/nowa\/index.php\/wp-json\/wp\/v2\/media?parent=11912"}],"wp:term":[{"taxonomy":"category","embeddable":true,"href":"https:\/\/sp22.pl\/nowa\/index.php\/wp-json\/wp\/v2\/categories?post=11912"},{"taxonomy":"post_tag","embeddable":true,"href":"https:\/\/sp22.pl\/nowa\/index.php\/wp-json\/wp\/v2\/tags?post=11912"}],"curies":[{"name":"wp","href":"https:\/\/api.w.org\/{rel}","templated":true}]}}