{"id":11823,"date":"2025-10-08T17:58:43","date_gmt":"2025-10-08T15:58:43","guid":{"rendered":"https:\/\/sp22.pl\/nowa\/?p=11823"},"modified":"2025-10-08T18:04:39","modified_gmt":"2025-10-08T16:04:39","slug":"artystyczna-przygoda-klasy-2a-z-ceramika","status":"publish","type":"post","link":"https:\/\/sp22.pl\/nowa\/index.php\/2025\/10\/08\/artystyczna-przygoda-klasy-2a-z-ceramika\/","title":{"rendered":"Artystyczna przygoda klasy 2a z ceramik\u0105"},"content":{"rendered":"<p align=\"justify\"><span style=\"color: #000000;\"><span style=\"font-family: Arial, sans-serif;\"><span style=\"font-size: medium;\">Kto by pomy\u015bla\u0142, \u017ce glina mo\u017ce s\u0142u\u017cy\u0107 do czego\u015b wi\u0119cej ni\u017c tylko ubrudzenia r\u0105k? A jednak!<br \/>\nPodczas warsztat\u00f3w ceramicznych, kt\u00f3re poprowadzi\u0142a Pani Joanna \u2013 Babcia jednej z Uczennic, <\/span><\/span><\/span><span style=\"color: #000000;\"><span style=\"font-family: Arial, sans-serif;\"><span style=\"font-size: medium;\">Uczniowie klasy 2a zamienili si\u0119 w prawdziwych garncarzy.<\/span><\/span><\/span><\/p>\n<p align=\"justify\"><span style=\"color: #000000;\"><span style=\"font-family: Arial, sans-serif;\"><span style=\"font-size: medium;\">Spotkanie okaza\u0142o si\u0119 nie tylko \u015bwietn\u0105 zabaw\u0105, ale tak\u017ce niezwyk\u0142\u0105 lekcj\u0105 sztuki i cierpliwo\u015bci.<\/span><\/span><\/span><\/p>\n<p align=\"justify\"><span style=\"color: #000000;\"><span style=\"font-family: Arial, sans-serif;\"><span style=\"font-size: medium;\">Na pocz\u0105tku Dzieci dowiedzia\u0142y si\u0119, jak przygotowuje si\u0119 glin\u0119 do pracy. Pani Joanna zdradzi\u0142a tak\u017ce tajniki wypalania ceramiki i opowiedzia\u0142a, co si\u0119 dzieje z glin\u0105, zanim trafi na p\u00f3\u0142k\u0119 jako pi\u0119kne naczynie.<\/span><\/span><\/span><\/p>\n<p align=\"justify\"><span style=\"color: #000000;\"><span style=\"font-family: Arial, sans-serif;\"><span style=\"font-size: medium;\">Nast\u0119pnie Uczniowie, pod czujnym okiem Prowadz\u0105cej, wykonali miseczki z ozdobnym motywem li\u015bcia. Ka\u017cdy Uczestnik w\u0142asnor\u0119cznie wa\u0142kowa\u0142 glin\u0119, odciska\u0142 w niej klonowe li\u015bcie, a nast\u0119pnie formowa\u0142 naczynie. Praca ta wymaga\u0142a precyzji, ale te\u017c dawa\u0142a du\u017co satysfakcji i rado\u015bci z tworzenia.<\/span><\/span><\/span><\/p>\n<p align=\"justify\"><span style=\"color: #000000;\"><span style=\"font-family: Arial, sans-serif;\"><span style=\"font-size: medium;\">Potem mali Arty\u015bci dostali woln\u0105 r\u0119k\u0119, a raczej dwie, i mogli lepi\u0107 z gliny, co tylko podpowiedzia\u0142a im wyobra\u017ania. Powsta\u0142y stworki, naczynia, kotki i rzeczy, kt\u00f3re trudno nazwa\u0107. Ka\u017cde dzie\u0142o okaza\u0142o si\u0119 wyj\u0105tkowe! <\/span><\/span><\/span><\/p>\n<p align=\"justify\"><span style=\"color: #000000;\"><span style=\"font-family: Arial, sans-serif;\"><span style=\"font-size: medium;\">Powy\u017csza aktywno\u015b\u0107 to \u015bwietna okazja do rozwijania sprawno\u015bci manualnej, kreatywno\u015bci i poznania gliny jako materia\u0142u plastycznego.<\/span><\/span><\/span><\/p>\n<p align=\"justify\"><span style=\"color: #000000;\"><span style=\"font-family: Arial, sans-serif;\"><span style=\"font-size: medium;\">Warsztaty zako\u0144czy\u0142y si\u0119 kr\u00f3tkim pokazem gotowych prac oraz rozmow\u0105 o tym, w jaki spos\u00f3b, na przestrzeni wiek\u00f3w, r\u00f3\u017cne kultury wykorzystywa\u0142y ceramik\u0119.<\/span><\/span><\/span><\/p>\n<p align=\"justify\"><span style=\"color: #000000;\"><span style=\"font-family: Arial, sans-serif;\"><span style=\"font-size: medium;\">Dzi\u0119kujemy Pani Joannie za wspania\u0142\u0105 lekcj\u0119 i po\u015bwi\u0119cony czas. To spotkanie na d\u0142ugo pozostanie w pami\u0119ci naszych Uczni\u00f3w!<\/span><\/span><\/span><\/p>\n<p align=\"justify\">&nbsp;<\/p>\n<p align=\"justify\"><span style=\"color: #000000;\"><span style=\"font-family: Arial, sans-serif;\"><span style=\"font-size: medium;\">Opracowanie materia\u0142u: p. Beata Szymczak<\/span><\/span><\/span><\/p>\nngg_shortcode_0_placeholder\n","protected":false},"excerpt":{"rendered":"<p>&#46;&#46;&#46;<\/p>\n","protected":false},"author":9,"featured_media":11827,"comment_status":"open","ping_status":"open","sticky":false,"template":"","format":"standard","meta":{"ngg_post_thumbnail":0,"footnotes":""},"categories":[1],"tags":[],"class_list":["post-11823","post","type-post","status-publish","format-standard","has-post-thumbnail","hentry","category-wiadomosci"],"_links":{"self":[{"href":"https:\/\/sp22.pl\/nowa\/index.php\/wp-json\/wp\/v2\/posts\/11823","targetHints":{"allow":["GET"]}}],"collection":[{"href":"https:\/\/sp22.pl\/nowa\/index.php\/wp-json\/wp\/v2\/posts"}],"about":[{"href":"https:\/\/sp22.pl\/nowa\/index.php\/wp-json\/wp\/v2\/types\/post"}],"author":[{"embeddable":true,"href":"https:\/\/sp22.pl\/nowa\/index.php\/wp-json\/wp\/v2\/users\/9"}],"replies":[{"embeddable":true,"href":"https:\/\/sp22.pl\/nowa\/index.php\/wp-json\/wp\/v2\/comments?post=11823"}],"version-history":[{"count":3,"href":"https:\/\/sp22.pl\/nowa\/index.php\/wp-json\/wp\/v2\/posts\/11823\/revisions"}],"predecessor-version":[{"id":11826,"href":"https:\/\/sp22.pl\/nowa\/index.php\/wp-json\/wp\/v2\/posts\/11823\/revisions\/11826"}],"wp:featuredmedia":[{"embeddable":true,"href":"https:\/\/sp22.pl\/nowa\/index.php\/wp-json\/wp\/v2\/media\/11827"}],"wp:attachment":[{"href":"https:\/\/sp22.pl\/nowa\/index.php\/wp-json\/wp\/v2\/media?parent=11823"}],"wp:term":[{"taxonomy":"category","embeddable":true,"href":"https:\/\/sp22.pl\/nowa\/index.php\/wp-json\/wp\/v2\/categories?post=11823"},{"taxonomy":"post_tag","embeddable":true,"href":"https:\/\/sp22.pl\/nowa\/index.php\/wp-json\/wp\/v2\/tags?post=11823"}],"curies":[{"name":"wp","href":"https:\/\/api.w.org\/{rel}","templated":true}]}}