{"id":11625,"date":"2025-10-04T07:11:53","date_gmt":"2025-10-04T05:11:53","guid":{"rendered":"https:\/\/sp22.pl\/nowa\/?p=11625"},"modified":"2025-11-29T08:37:59","modified_gmt":"2025-11-29T07:37:59","slug":"piana-party-eksplozja-radosci-i-dobrej-zabawy","status":"publish","type":"post","link":"https:\/\/sp22.pl\/nowa\/index.php\/2025\/10\/04\/piana-party-eksplozja-radosci-i-dobrej-zabawy\/","title":{"rendered":"Piana Party \u2013 eksplozja rado\u015bci i dobrej zabawy!\u00a0"},"content":{"rendered":"<p><span style=\"color: #000000;\">Kulminacyjnym punktem naszego Festynu Rodzinnego okaza\u0142o si\u0119 niezapomniane Piana Party, kt\u00f3re dos\u0142ownie porwa\u0142o wszystkich uczestnik\u00f3w \u2013 od najm\u0142odszych po doros\u0142ych!&nbsp;<\/span><\/p>\n<p><span style=\"color: #000000;\">Rozleg\u0142y plac, w jednej chwili, zamieni\u0142 si\u0119 w bajkow\u0105 krain\u0119 pe\u0142n\u0105 piany, \u015bmiechu i dzieci\u0119cej beztroski. Radosne okrzyki, taniec w&nbsp;bia\u0142ych chmurach i wsp\u00f3lna zabawa sprawi\u0142y, \u017ce ka\u017cdy m\u00f3g\u0142 poczu\u0107 si\u0119 jak dziecko i na chwil\u0119 zapomnie\u0107 o codzienno\u015bci.<\/span><\/p>\n<p><span style=\"color: #000000;\">To wydarzenie nie tylko dostarczy\u0142o ogromnej dawki pozytywnej energii, ale tak\u017ce zintegrowa\u0142o mieszka\u0144c\u00f3w \u2013 pokaza\u0142o, \u017ce wsp\u00f3lna zabawa, empatia i otwarto\u015b\u0107 potrafi\u0105 tworzy\u0107 niezwyk\u0142\u0105 atmosfer\u0119.&nbsp;<\/span><\/p>\n<p><span style=\"color: #000000;\">Dzi\u0119kujemy wszystkim, kt\u00f3rzy razem z nami tworzyli t\u0119 wyj\u0105tkow\u0105 chwil\u0119. Wasze u\u015bmiechy i rado\u015b\u0107 by\u0142y najlepszym dowodem na to, \u017ce wsp\u00f3lnie mo\u017cna prze\u017cy\u0107 co\u015b naprawd\u0119 magicznego!&nbsp;<\/span><\/p>\n<p><span style=\"color: #000000;\">To w\u0142a\u015bnie takie momenty sprawiaj\u0105, \u017ce festyn zapisuje si\u0119 w naszej pami\u0119ci jako dzie\u0144 pe\u0142en niezapomnianych wra\u017ce\u0144, serdeczno\u015bci i&nbsp;wsp\u00f3lnoty.<\/span><\/p>\n<p><span style=\"color: #000000;\"><strong>Organizatorzy<\/strong><\/span><\/p>\n<p><span style=\"color: #000000;\">Dyrektor, Nauczyciele, Rada Rodzic\u00f3w wraz z Rad\u0105 Mieszka\u0144c\u00f3w Osiedla Podolszyce Po\u0142udnie<\/span><\/p>\n<p><span style=\"color: #000000;\"><strong>Instytucje wspieraj\u0105ce realizacj\u0119 festynu<\/strong><\/span><\/p>\n<p><span style=\"color: #000000;\">Gminna Orkiestra d\u0119ta w Starej Bia\u0142ej \u2013 Old White Band<\/span><\/p>\n<p><span style=\"color: #000000;\">P\u0142ocki O\u015brodek Kultury i Sztuki<\/span><\/p>\n<p><span style=\"color: #000000;\">Miejski O\u015brodek Sportu i Rekreacji<\/span><\/p>\n<p><span style=\"color: #000000;\">Ksi\u0105\u017cnica P\u0142ocka im. W\u0142adys\u0142awa Broniewskiego<\/span><\/p>\n<p><span style=\"color: #000000;\">Stowarzyszenie \u201eTRAKT\u201d<\/span><\/p>\n<p><span style=\"color: #000000;\">Klub Honorowyc Dawc\u00f3w Krwi \u201eLegion\u201d w P\u0142ocku<\/span><\/p>\n<p><span style=\"color: #000000;\">Komenda Miejska Policji w P\u0142ocku<\/span><\/p>\n<p><span style=\"color: #000000;\">Komenda Miejska Pa\u0144stwowej Stra\u017cy Po\u017carnej w P\u0142ocku<\/span><\/p>\n<p><span style=\"color: #000000;\">Stra\u017c Miejska w P\u0142ocku<\/span><\/p>\n<p><span style=\"color: #000000;\">M\u0142odzie\u017cowy Dom Kultury w P\u0142ocku<\/span><\/p>\n<p><span style=\"color: #000000;\">Wis\u0142a P\u0142ock<\/span><\/p>\n<p><span style=\"color: #000000;\">ORLEN Wis\u0142a P\u0142ock<\/span><\/p>\n<p><span style=\"color: #000000;\">Zesp\u00f3\u0142 Szk\u00f3\u0142 Centrum Edukacji im. Ignacego \u0141ukasiewicza<\/span><\/p>\n<p><span style=\"color: #000000;\">PKO Bank Polski \u2013 oddzia\u0142 P\u0142ock<\/span><\/p>\n<p><span style=\"color: #000000;\">Mi\u0119dzyzak\u0142adowa Sp\u00f3\u0142dzielnia Mieszkaniowa \u201cChemik\u201d<\/span><\/p>\n<p><span style=\"color: #000000;\">PGO w P\u0142ocku Sp. z o.o.<\/span><\/p>\n<p><span style=\"color: #000000;\">Dzia\u0142alno\u015b\u0107 Transportowo-Us\u0142ugowa Czes\u0142aw G\u00f3rski<\/span><\/p>\n<p><span style=\"color: #000000;\">Olewnik Partner Sp. z o.o.<\/span><\/p>\n<p><span style=\"color: #000000;\">Oreco Sp. z o.o.<\/span><\/p>\n<p><span style=\"color: #000000;\"><em>Koordynatorzy przedsi\u0119wzi\u0119cia: Agnieszka Szypszak, Agnieszka Jaroszewska,&nbsp; And\u017celika Kaniewska-\u0141uciakiewicz<\/em><\/span><\/p>\n<p><span style=\"color: #000000;\"><em>Opracowanie materia\u0142u: And\u017celika Kaniewska-\u0141uciakiewicz, Natalia Szwech, Lidia Wr\u00f3bel, Marta Szumska<\/em><\/span><\/p>\n<div style=\"width: 1920px;\" class=\"wp-video\"><video class=\"wp-video-shortcode\" id=\"video-11625-1\" width=\"1920\" height=\"1080\" preload=\"metadata\" controls=\"controls\"><source type=\"video\/mp4\" src=\"https:\/\/sp22.pl\/nowa\/wp-content\/uploads\/2025\/10\/1_festynowa_piana_party.mp4.mp4?_=1\" \/><a href=\"https:\/\/sp22.pl\/nowa\/wp-content\/uploads\/2025\/10\/1_festynowa_piana_party.mp4.mp4\">https:\/\/sp22.pl\/nowa\/wp-content\/uploads\/2025\/10\/1_festynowa_piana_party.mp4.mp4<\/a><\/video><\/div>\nngg_shortcode_0_placeholder\n","protected":false},"excerpt":{"rendered":"<p>&#46;&#46;&#46;<\/p>\n","protected":false},"author":5,"featured_media":11628,"comment_status":"open","ping_status":"open","sticky":false,"template":"","format":"standard","meta":{"ngg_post_thumbnail":0,"footnotes":""},"categories":[1],"tags":[],"class_list":["post-11625","post","type-post","status-publish","format-standard","has-post-thumbnail","hentry","category-wiadomosci"],"_links":{"self":[{"href":"https:\/\/sp22.pl\/nowa\/index.php\/wp-json\/wp\/v2\/posts\/11625","targetHints":{"allow":["GET"]}}],"collection":[{"href":"https:\/\/sp22.pl\/nowa\/index.php\/wp-json\/wp\/v2\/posts"}],"about":[{"href":"https:\/\/sp22.pl\/nowa\/index.php\/wp-json\/wp\/v2\/types\/post"}],"author":[{"embeddable":true,"href":"https:\/\/sp22.pl\/nowa\/index.php\/wp-json\/wp\/v2\/users\/5"}],"replies":[{"embeddable":true,"href":"https:\/\/sp22.pl\/nowa\/index.php\/wp-json\/wp\/v2\/comments?post=11625"}],"version-history":[{"count":13,"href":"https:\/\/sp22.pl\/nowa\/index.php\/wp-json\/wp\/v2\/posts\/11625\/revisions"}],"predecessor-version":[{"id":12733,"href":"https:\/\/sp22.pl\/nowa\/index.php\/wp-json\/wp\/v2\/posts\/11625\/revisions\/12733"}],"wp:featuredmedia":[{"embeddable":true,"href":"https:\/\/sp22.pl\/nowa\/index.php\/wp-json\/wp\/v2\/media\/11628"}],"wp:attachment":[{"href":"https:\/\/sp22.pl\/nowa\/index.php\/wp-json\/wp\/v2\/media?parent=11625"}],"wp:term":[{"taxonomy":"category","embeddable":true,"href":"https:\/\/sp22.pl\/nowa\/index.php\/wp-json\/wp\/v2\/categories?post=11625"},{"taxonomy":"post_tag","embeddable":true,"href":"https:\/\/sp22.pl\/nowa\/index.php\/wp-json\/wp\/v2\/tags?post=11625"}],"curies":[{"name":"wp","href":"https:\/\/api.w.org\/{rel}","templated":true}]}}