{"id":11401,"date":"2025-09-12T21:29:13","date_gmt":"2025-09-12T19:29:13","guid":{"rendered":"https:\/\/sp22.pl\/nowa\/?p=11401"},"modified":"2025-09-16T21:33:45","modified_gmt":"2025-09-16T19:33:45","slug":"festyn-rodzinny-w-sp22","status":"publish","type":"post","link":"https:\/\/sp22.pl\/nowa\/index.php\/2025\/09\/12\/festyn-rodzinny-w-sp22\/","title":{"rendered":"Festyn Rodzinny w SP22"},"content":{"rendered":"<div dir=\"auto\"><span style=\"color: #000000;\">Ju\u017c 20 wrze\u015bnia w Szkole Podstawowej nr 22 im. Janusza Korczaka w P\u0142ocku odb\u0119dzie si\u0119 wyj\u0105tkowy Festyn Rodzinny, kt\u00f3ry po\u0142\u0105czy rado\u015b\u0107 wsp\u00f3lnego \u015bwi\u0119towania z wa\u017cnym celem \u2013 wsparciem dla Alana Raczkowskiego, ch\u0142opca walcz\u0105cego z dystrofi\u0105 mi\u0119\u015bniow\u0105 Duchenne\u2019a A.<\/span><\/div>\n<div dir=\"auto\">&nbsp;<\/div>\n<div dir=\"auto\"><span style=\"color: #000000;\">W programie festynu:<\/span><\/div>\n<div dir=\"auto\"><span style=\"color: #000000;\">\u2022 dmucha\u0144ce&nbsp;<\/span><\/div>\n<div dir=\"auto\"><span style=\"color: #000000;\">\u2022 malowanie buziek<\/span><\/div>\n<div dir=\"auto\"><span style=\"color: #000000;\">\u2022 warsztaty kreatywne<\/span><\/div>\n<div dir=\"auto\"><span style=\"color: #000000;\">\u2022 wyst\u0119py orkiestry d\u0119tej&nbsp;<\/span><\/div>\n<div dir=\"auto\"><span style=\"color: #000000;\">\u2022 gry i zabawy dla dzieci<\/span><\/div>\n<div dir=\"auto\"><span style=\"color: #000000;\">\u2022 konkursy z nagrodami<\/span><\/div>\n<div dir=\"auto\"><span style=\"color: #000000;\">\u2022 stoiska z domowymi wypiekami<\/span><\/div>\n<div dir=\"auto\"><span style=\"color: #000000;\">\u2022 zupa dyniowa<\/span><\/div>\n<div dir=\"auto\"><span style=\"color: #000000;\">\u2022 wsparcie na rzecz Alanka Raczkowskiego<\/span><\/div>\n<div dir=\"auto\"><span style=\"color: #000000;\">\u2022 niespodzianki przygotowane przez nauczycieli<\/span><\/div>\n<div dir=\"auto\">&nbsp;<\/div>\n<div dir=\"auto\"><span style=\"color: #000000;\">&nbsp;Ca\u0142y doch\u00f3d z wydarzenia zostanie przekazany na leczenie Alanka, kt\u00f3ry potrzebuje terapii genowej w USA \u2013 to jego szansa na zatrzymanie post\u0119pu choroby i odzyskanie dzieci\u0119cej rado\u015bci \u017cycia.<\/span><\/div>\n<div dir=\"auto\">&nbsp;<\/div>\n<div dir=\"auto\"><span style=\"color: #000000;\">Gdzie? SP 22, ul. Czwartak\u00f3w 6, P\u0142ock<\/span><\/div>\n<div dir=\"auto\"><span style=\"color: #000000;\">Kiedy? Sobota, 20 wrze\u015bnia 2025, od godz. 10:30-13:30.<\/span><\/div>\n<div dir=\"auto\">&nbsp;<\/div>\n<div dir=\"auto\"><strong><span style=\"color: #000000;\">Przyjd\u017acie ca\u0142ymi rodzinami \u2013 bawmy si\u0119, \u015bwi\u0119tujmy i poka\u017cmy, \u017ce wsp\u00f3lnie mo\u017cemy wi\u0119cej!&nbsp;<\/span><\/strong><\/div>\n<div dir=\"auto\">&nbsp;<\/div>\n<div dir=\"auto\"><span style=\"color: #000000;\">Partnerami i sponsorami wydarzenia s\u0105:<\/span><\/div>\n<div dir=\"auto\"><span style=\"color: #000000;\">Rada Mieszka\u0144c\u00f3w Osiedla Podolszyce Po\u0142udnie<\/span><\/div>\n<div dir=\"auto\"><span style=\"color: #000000;\">P\u0142ocki O\u015brodek Kultury i Sztuki im. Themerson\u00f3w<\/span><\/div>\n<div dir=\"auto\"><span style=\"color: #000000;\">MSM Chemik<\/span><\/div>\n<div dir=\"auto\"><span style=\"color: #000000;\">M\u0142odzie\u017cowy Dom Kultury w P\u0142ocku<\/span><\/div>\n<div dir=\"auto\"><span style=\"color: #000000;\">Ksi\u0105\u017cnica P\u0142ocka im. W\u0142adys\u0142awa Broniewskiego<\/span><\/div>\n<div dir=\"auto\"><span style=\"color: #000000;\">Wis\u0142a P\u0142ock<\/span><\/div>\n<div dir=\"auto\"><span style=\"color: #000000;\">ORLEN Wis\u0142a P\u0142ock<\/span><\/div>\n<div dir=\"auto\"><span style=\"color: #000000;\">MOSiR P\u0142ock&nbsp;<\/span><\/div>\n<div dir=\"auto\"><span style=\"color: #000000;\">Stra\u017c Miejska w P\u0142ocku<\/span><\/div>\n<div dir=\"auto\"><span style=\"color: #000000;\">PGO w P\u0142ocku Sp z o o<\/span><\/div>\n<div dir=\"auto\"><span style=\"color: #000000;\">Stowarzyszenie TRAKT<\/span><\/div>\n<div dir=\"auto\"><span style=\"color: #000000;\">Komenda&nbsp; Miejska Policji w P\u0142ocku<\/span><\/div>\n<div dir=\"auto\"><span style=\"color: #000000;\">Komenda Miejska Pa\u0144stwowej Stra\u017cy Po\u017carnej w P\u0142ocku<\/span><\/div>\n<div dir=\"auto\"><span style=\"color: #000000;\">Orkiestra D\u0119ta gminy Stara Bia\u0142a &#8211; Old White Band<\/span><\/div>\n<div dir=\"auto\"><span style=\"color: #000000;\">Dzia\u0142alno\u015b\u0107 Transportowo-Us\u0142ugowa Czes\u0142aw G\u00f3rski<\/span><\/div>\n<div dir=\"auto\"><span style=\"color: #000000;\">Olewnik Partner Sp. z o.o.<\/span><\/div>\n<div dir=\"auto\"><span style=\"color: #000000;\">Oreco Sp. z o.o<\/span><\/div>\n<div dir=\"auto\"><img loading=\"lazy\" decoding=\"async\" class=\" wp-image-11403 aligncenter\" src=\"https:\/\/sp22.pl\/nowa\/wp-content\/uploads\/2025\/09\/IMG-20250916-WA0001-212x300.jpg\" alt=\"\" width=\"378\" height=\"534\" srcset=\"https:\/\/sp22.pl\/nowa\/wp-content\/uploads\/2025\/09\/IMG-20250916-WA0001-212x300.jpg 212w, https:\/\/sp22.pl\/nowa\/wp-content\/uploads\/2025\/09\/IMG-20250916-WA0001-724x1024.jpg 724w, https:\/\/sp22.pl\/nowa\/wp-content\/uploads\/2025\/09\/IMG-20250916-WA0001-768x1086.jpg 768w, https:\/\/sp22.pl\/nowa\/wp-content\/uploads\/2025\/09\/IMG-20250916-WA0001.jpg 905w\" sizes=\"auto, (max-width: 378px) 100vw, 378px\" \/><\/div>\n","protected":false},"excerpt":{"rendered":"<p>&#46;&#46;&#46;<\/p>\n","protected":false},"author":5,"featured_media":11402,"comment_status":"open","ping_status":"open","sticky":false,"template":"","format":"standard","meta":{"ngg_post_thumbnail":0,"footnotes":""},"categories":[1],"tags":[],"class_list":["post-11401","post","type-post","status-publish","format-standard","has-post-thumbnail","hentry","category-wiadomosci"],"_links":{"self":[{"href":"https:\/\/sp22.pl\/nowa\/index.php\/wp-json\/wp\/v2\/posts\/11401","targetHints":{"allow":["GET"]}}],"collection":[{"href":"https:\/\/sp22.pl\/nowa\/index.php\/wp-json\/wp\/v2\/posts"}],"about":[{"href":"https:\/\/sp22.pl\/nowa\/index.php\/wp-json\/wp\/v2\/types\/post"}],"author":[{"embeddable":true,"href":"https:\/\/sp22.pl\/nowa\/index.php\/wp-json\/wp\/v2\/users\/5"}],"replies":[{"embeddable":true,"href":"https:\/\/sp22.pl\/nowa\/index.php\/wp-json\/wp\/v2\/comments?post=11401"}],"version-history":[{"count":5,"href":"https:\/\/sp22.pl\/nowa\/index.php\/wp-json\/wp\/v2\/posts\/11401\/revisions"}],"predecessor-version":[{"id":11408,"href":"https:\/\/sp22.pl\/nowa\/index.php\/wp-json\/wp\/v2\/posts\/11401\/revisions\/11408"}],"wp:featuredmedia":[{"embeddable":true,"href":"https:\/\/sp22.pl\/nowa\/index.php\/wp-json\/wp\/v2\/media\/11402"}],"wp:attachment":[{"href":"https:\/\/sp22.pl\/nowa\/index.php\/wp-json\/wp\/v2\/media?parent=11401"}],"wp:term":[{"taxonomy":"category","embeddable":true,"href":"https:\/\/sp22.pl\/nowa\/index.php\/wp-json\/wp\/v2\/categories?post=11401"},{"taxonomy":"post_tag","embeddable":true,"href":"https:\/\/sp22.pl\/nowa\/index.php\/wp-json\/wp\/v2\/tags?post=11401"}],"curies":[{"name":"wp","href":"https:\/\/api.w.org\/{rel}","templated":true}]}}