{"id":11396,"date":"2025-09-15T16:59:53","date_gmt":"2025-09-15T14:59:53","guid":{"rendered":"https:\/\/sp22.pl\/nowa\/?p=11396"},"modified":"2025-11-13T21:20:30","modified_gmt":"2025-11-13T20:20:30","slug":"ogolnopolski-projekt-edukacyjnego-poznaje-technologiczne-triki-osiagam-swietne-wyniki","status":"publish","type":"post","link":"https:\/\/sp22.pl\/nowa\/index.php\/2025\/09\/15\/ogolnopolski-projekt-edukacyjnego-poznaje-technologiczne-triki-osiagam-swietne-wyniki\/","title":{"rendered":"Og\u00f3lnopolski Projekt Edukacyjny \u201ePoznaj\u0119 technologiczne triki, osi\u0105gam \u015bwietne wyniki\u201d"},"content":{"rendered":"<p><span style=\"color: #000000;\">Nasza szko\u0142a bierze udzia\u0142 w IV edycji Og\u00f3lnopolskiego Projektu Edukacyjnego \u201ePoznaj\u0119 technologiczne triki, osi\u0105gam \u015bwietne wyniki\u201d, kt\u00f3ry b\u0119dzie realizowany przez Uczni\u00f3w ko\u0142a informatycznego w okresie od 16 wrze\u015bnia 2025 roku do 16 maja 2026 roku. <\/span><\/p>\n<p><span style=\"color: #000000;\">G\u0142\u00f3wnym celem projektu jest wsparcie edukacji informatycznej i medialnej.<\/span><\/p>\n<p><span style=\"color: #000000;\">Cele szczeg\u00f3\u0142owe projektu s\u0105 nast\u0119puj\u0105ce:<\/span><\/p>\n<ul>\n<li><span style=\"color: #000000;\">wsparcie nauczycieli w realizacji polityki o\u015bwiatowej pa\u0144stwa w roku szkolnym 2025\/2026,<\/span><\/li>\n<li><span style=\"color: #000000;\">wsparcie nauczycieli w rozwijaniu kompetencji cyfrowych uczni\u00f3w,<\/span><\/li>\n<li><span style=\"color: #000000;\">nabycie umiej\u0119tno\u015bci wykorzystywania narz\u0119dzi multimedialnych przez uczni\u00f3w,<\/span><\/li>\n<li><span style=\"color: #000000;\">wzbogacenie wiedzy uczni\u00f3w i zwi\u0119kszenie efektywno\u015bci uczenia si\u0119,<\/span><\/li>\n<li><span style=\"color: #000000;\">zwi\u0119kszenie motywacji uczni\u00f3w do nauki,<\/span><\/li>\n<li><span style=\"color: #000000;\">rozwijanie zainteresowa\u0144,<\/span><\/li>\n<li><span style=\"color: #000000;\">promowanie stosowania aktywizuj\u0105cych metod nauczania z wykorzystaniem nowoczesnych narz\u0119dzi cyfrowych,<\/span><\/li>\n<li><span style=\"color: #000000;\">kszta\u0142towanie umiej\u0119tno\u015bci krytycznej analizy informacji dost\u0119pnych w Internecie,<\/span><\/li>\n<li><span style=\"color: #000000;\">rozwijanie umiej\u0119tno\u015bci bezpiecznego poruszania si\u0119 po sieci internetowej,<\/span><\/li>\n<li><span style=\"color: #000000;\">promowanie wykorzystywania narz\u0119dzi i materia\u0142\u00f3w dost\u0119pnych w sieci, w szczeg\u00f3lno\u015bci opartych na sztucznej inteligencji oraz korzystania z zasob\u00f3w Zintegrowanej Platformy Edukacyjnej.<\/span><\/li>\n<\/ul>\n<p><em><span style=\"color: #000000;\">Koordynator projektu: Beata Michalak<\/span><\/em><\/p>\n<p><em><span style=\"color: #000000;\">Opracowanie materia\u0142u: Beata Michalak<\/span><\/em><\/p>\n<p><img loading=\"lazy\" decoding=\"async\" class=\"wp-image-11881 aligncenter\" src=\"https:\/\/sp22.pl\/nowa\/wp-content\/uploads\/2025\/09\/plakat_IVedycja_Projekt_Poznaje_technologiczne_triki-1-252x300.jpg\" alt=\"Plakat, na kt\u00f3rym widnieje napis: W roku szkolnym 2025\/26 nasza szko\u0142a bierze udzia\u0142 w IV edycji Og\u00f3lnopolskiego Projektu Edukacyjnego &quot;Poznaj\u0119 technologiczne triki, osi\u0105gam \u015bwietne wyniki&quot; oraz organizatorzy oraz patroni projektu.\" width=\"500\" height=\"595\" srcset=\"https:\/\/sp22.pl\/nowa\/wp-content\/uploads\/2025\/09\/plakat_IVedycja_Projekt_Poznaje_technologiczne_triki-1-252x300.jpg 252w, https:\/\/sp22.pl\/nowa\/wp-content\/uploads\/2025\/09\/plakat_IVedycja_Projekt_Poznaje_technologiczne_triki-1-860x1024.jpg 860w, https:\/\/sp22.pl\/nowa\/wp-content\/uploads\/2025\/09\/plakat_IVedycja_Projekt_Poznaje_technologiczne_triki-1-768x914.jpg 768w, https:\/\/sp22.pl\/nowa\/wp-content\/uploads\/2025\/09\/plakat_IVedycja_Projekt_Poznaje_technologiczne_triki-1-1290x1536.jpg 1290w, https:\/\/sp22.pl\/nowa\/wp-content\/uploads\/2025\/09\/plakat_IVedycja_Projekt_Poznaje_technologiczne_triki-1.jpg 1680w\" sizes=\"auto, (max-width: 500px) 100vw, 500px\" \/><\/p>\n","protected":false},"excerpt":{"rendered":"<p>&#46;&#46;&#46;<\/p>\n","protected":false},"author":8,"featured_media":11875,"comment_status":"open","ping_status":"open","sticky":false,"template":"","format":"standard","meta":{"ngg_post_thumbnail":0,"footnotes":""},"categories":[1],"tags":[],"class_list":["post-11396","post","type-post","status-publish","format-standard","has-post-thumbnail","hentry","category-wiadomosci"],"_links":{"self":[{"href":"https:\/\/sp22.pl\/nowa\/index.php\/wp-json\/wp\/v2\/posts\/11396","targetHints":{"allow":["GET"]}}],"collection":[{"href":"https:\/\/sp22.pl\/nowa\/index.php\/wp-json\/wp\/v2\/posts"}],"about":[{"href":"https:\/\/sp22.pl\/nowa\/index.php\/wp-json\/wp\/v2\/types\/post"}],"author":[{"embeddable":true,"href":"https:\/\/sp22.pl\/nowa\/index.php\/wp-json\/wp\/v2\/users\/8"}],"replies":[{"embeddable":true,"href":"https:\/\/sp22.pl\/nowa\/index.php\/wp-json\/wp\/v2\/comments?post=11396"}],"version-history":[{"count":9,"href":"https:\/\/sp22.pl\/nowa\/index.php\/wp-json\/wp\/v2\/posts\/11396\/revisions"}],"predecessor-version":[{"id":12412,"href":"https:\/\/sp22.pl\/nowa\/index.php\/wp-json\/wp\/v2\/posts\/11396\/revisions\/12412"}],"wp:featuredmedia":[{"embeddable":true,"href":"https:\/\/sp22.pl\/nowa\/index.php\/wp-json\/wp\/v2\/media\/11875"}],"wp:attachment":[{"href":"https:\/\/sp22.pl\/nowa\/index.php\/wp-json\/wp\/v2\/media?parent=11396"}],"wp:term":[{"taxonomy":"category","embeddable":true,"href":"https:\/\/sp22.pl\/nowa\/index.php\/wp-json\/wp\/v2\/categories?post=11396"},{"taxonomy":"post_tag","embeddable":true,"href":"https:\/\/sp22.pl\/nowa\/index.php\/wp-json\/wp\/v2\/tags?post=11396"}],"curies":[{"name":"wp","href":"https:\/\/api.w.org\/{rel}","templated":true}]}}