{"id":11286,"date":"2025-09-03T17:53:16","date_gmt":"2025-09-03T15:53:16","guid":{"rendered":"https:\/\/sp22.pl\/nowa\/?p=11286"},"modified":"2025-09-13T11:05:07","modified_gmt":"2025-09-13T09:05:07","slug":"uroczystosc-rozpoczecia-roku-szkolnego-2025-2026","status":"publish","type":"post","link":"https:\/\/sp22.pl\/nowa\/index.php\/2025\/09\/03\/uroczystosc-rozpoczecia-roku-szkolnego-2025-2026\/","title":{"rendered":"Uroczysto\u015b\u0107 rozpocz\u0119cia roku szkolnego 2025\/2026"},"content":{"rendered":"<p><span style=\"color: #000000;\"><strong><em>Witamy naszych Pierwszoklasist\u00f3w!<\/em><\/strong><\/span><\/p>\n<p><span style=\"color: #000000;\">1 wrze\u015bnia 2025 roku to wyj\u0105tkowy dzie\u0144 dla Pierwszoklasist\u00f3w i Ich Rodzic\u00f3w. Dzieci, po raz pierwszy, uczestniczy\u0142y w uroczysto\u015bci rozpocz\u0119cia nowego roku szkolnego. Zaprosi\u0142 Je na ni\u0105 d\u017awi\u0119k szkolnego dzwonka.<\/span><\/p>\n<p><span style=\"color: #000000;\">Na t\u0119 wa\u017cn\u0105 gal\u0119 przybyli: Dyrektor Szko\u0142y &#8211; p. Marlena B\u0142achowicz, Wicedyrektor Szko\u0142y &#8211; p. Monika Przemy\u0142ska, Wicedyrektor Szko\u0142y &#8211; p. Iwona Ko\u0142odziejska, pozostali Nauczyciele oraz zaproszeni Go\u015bcie: Zast\u0119pca Prezydenta Miasta P\u0142ocka &#8211; p. \u0141ukasz Jankowski, Dyrektor Kuratorium O\u015bwiaty w Warszawie, Delegatury w P\u0142ocku &#8211; p. Anna Wi\u015bniewska, Przewodnicz\u0105cy Szkolnej Rady Rodzic\u00f3w &#8211; p.&nbsp;Przemys\u0142aw Zieli\u0144ski, Proboszcz Parafii \u015bw. Wojciecha &#8211; ks. Jerzy \u0141awicki.<\/span><\/p>\n<p><span style=\"color: #000000;\">Przyby\u0142e Osoby powita\u0142a prowadz\u0105ca uroczysto\u015b\u0107 &#8211; pani Natalia Szwech, po czym wprowadzono Sztandar Szko\u0142y, w obecno\u015bci kt\u00f3rego od\u015bpiewano hymn narodowy. Nast\u0119pnie Uczni\u00f3w, Rodzic\u00f3w oraz Go\u015bci powita\u0142a Dyrektor Szko\u0142y \u2013 p. Marlena B\u0142achowicz. W swoim wyst\u0105pieniu zawar\u0142a zadowolenie z powi\u0119kszenia si\u0119 spo\u0142eczno\u015bci szkolnej o nowych Uczni\u00f3w i Ich Rodzic\u00f3w. Skierowa\u0142a r\u00f3wnie\u017c do Dzieci \u017cyczenia, aby rozpoczynaj\u0105ca si\u0119 w\u0142a\u015bnie przygoda z nauk\u0105 przynios\u0142a Im, i Ich Rodzicom, wiele satysfakcji, rado\u015bci i dumy. Ciep\u0142e s\u0142owa przekazali te\u017c Pierwszoklasistom wszyscy zaproszeni Go\u015bcie.<\/span><\/p>\n<p><span style=\"color: #000000;\">W dalszej cz\u0119\u015bci spotkania odby\u0142o si\u0119 uroczyste \u015blubowanie oraz pasowanie Dzieci na Pierwszoklasist\u00f3w. Na pami\u0105tk\u0119 tak donios\u0142ej chwili ka\u017cdy Ucze\u0144 otrzyma\u0142 odznak\u0119 z logo Szko\u0142y.<\/span><\/p>\n<p><span style=\"color: #000000;\">M\u0142odszych koleg\u00f3w powitali te\u017c Uczniowie klas czwartych. Spotkanie u\u015bwietni\u0142 wyst\u0119p szkolnego ch\u00f3ru Tu-Tu.<\/span><\/p>\n<p><span style=\"color: #000000;\">Pierwszoklasi\u015bci, wraz z Rodzicami, mieli r\u00f3wnie\u017c okazj\u0119 spotka\u0107 si\u0119 ze swoimi Wychowawcami w salach lekcyjnych.<\/span><\/p>\n<p>&nbsp;<\/p>\n<p><span style=\"color: #000000;\"><strong><em>W nowym&nbsp; roku szkolnym \u017cyczymy wszystkim Uczniom wielu sukces\u00f3w.<\/em><\/strong><\/span><\/p>\n<p>&nbsp;<\/p>\n<p><span style=\"color: #000000;\"><em>Koordynatorzy przedsi\u0119wzi\u0119cia: p. Anna Kowalska<\/em><\/span><\/p>\n<p><span style=\"color: #000000;\"><em>Opracowanie materia\u0142u: p. Anna Kowalska, p. Ewa Rudowska<\/em><\/span><\/p>\nngg_shortcode_0_placeholder\n","protected":false},"excerpt":{"rendered":"<p>&#46;&#46;&#46;<\/p>\n","protected":false},"author":5,"featured_media":11329,"comment_status":"open","ping_status":"open","sticky":false,"template":"","format":"standard","meta":{"ngg_post_thumbnail":0,"footnotes":""},"categories":[1],"tags":[],"class_list":["post-11286","post","type-post","status-publish","format-standard","has-post-thumbnail","hentry","category-wiadomosci"],"_links":{"self":[{"href":"https:\/\/sp22.pl\/nowa\/index.php\/wp-json\/wp\/v2\/posts\/11286","targetHints":{"allow":["GET"]}}],"collection":[{"href":"https:\/\/sp22.pl\/nowa\/index.php\/wp-json\/wp\/v2\/posts"}],"about":[{"href":"https:\/\/sp22.pl\/nowa\/index.php\/wp-json\/wp\/v2\/types\/post"}],"author":[{"embeddable":true,"href":"https:\/\/sp22.pl\/nowa\/index.php\/wp-json\/wp\/v2\/users\/5"}],"replies":[{"embeddable":true,"href":"https:\/\/sp22.pl\/nowa\/index.php\/wp-json\/wp\/v2\/comments?post=11286"}],"version-history":[{"count":12,"href":"https:\/\/sp22.pl\/nowa\/index.php\/wp-json\/wp\/v2\/posts\/11286\/revisions"}],"predecessor-version":[{"id":11347,"href":"https:\/\/sp22.pl\/nowa\/index.php\/wp-json\/wp\/v2\/posts\/11286\/revisions\/11347"}],"wp:featuredmedia":[{"embeddable":true,"href":"https:\/\/sp22.pl\/nowa\/index.php\/wp-json\/wp\/v2\/media\/11329"}],"wp:attachment":[{"href":"https:\/\/sp22.pl\/nowa\/index.php\/wp-json\/wp\/v2\/media?parent=11286"}],"wp:term":[{"taxonomy":"category","embeddable":true,"href":"https:\/\/sp22.pl\/nowa\/index.php\/wp-json\/wp\/v2\/categories?post=11286"},{"taxonomy":"post_tag","embeddable":true,"href":"https:\/\/sp22.pl\/nowa\/index.php\/wp-json\/wp\/v2\/tags?post=11286"}],"curies":[{"name":"wp","href":"https:\/\/api.w.org\/{rel}","templated":true}]}}