{"id":11242,"date":"2025-08-26T16:05:21","date_gmt":"2025-08-26T14:05:21","guid":{"rendered":"https:\/\/sp22.pl\/nowa\/?p=11242"},"modified":"2025-08-27T05:55:07","modified_gmt":"2025-08-27T03:55:07","slug":"zapisy-na-szkolne-obiady-pobierz-deklaracje-juz-dzis","status":"publish","type":"post","link":"https:\/\/sp22.pl\/nowa\/index.php\/2025\/08\/26\/zapisy-na-szkolne-obiady-pobierz-deklaracje-juz-dzis\/","title":{"rendered":"Zapisy na szkolne obiady &#8211; pobierz deklaracj\u0119 ju\u017c dzi\u015b!"},"content":{"rendered":"<p><span style=\"color: #000000;\">Drodzy Rodzice,&nbsp;<\/span><\/p>\n<p><span style=\"color: #000000;\">serdecznie zach\u0119camy Pa\u0144stwa Dziecko do korzystania z obiad\u00f3w w naszej szkolnej sto\u0142\u00f3wce. To nie tylko smaczne i pyszne posi\u0142ki przygotowywane zgodnie z zasadami prawid\u0142owego \u017cywienia, ale tak\u017ce wygoda i oszcz\u0119dno\u015b\u0107 czasu dla Pa\u0144stwa. Wsp\u00f3lne obiady to dla dzieci okazja do integracji z r\u00f3wie\u015bnikami i kszta\u0142towania zdrowych nawyk\u00f3w \u017cywieniowych.<\/span><\/p>\n<p><span style=\"color: #000000;\">Dbajmy razem o energi\u0119 i dobre samopoczucie naszych Uczni\u00f3w &#8211; zapiszcie swoje Dziecko na obiady ju\u017c dzi\u015b!<\/span><\/p>\n<p><span style=\"color: #000000;\">Ju\u017c teraz mo\u017cna pobra\u0107 kart\u0119 zg\u0142oszenia i z\u0142o\u017cy\u0107 wype\u0142niony dokument w pokoju nr 10 u pani Intendentki od 1 wrze\u015bnia.<\/span><\/p>\n<p><span style=\"color: #000000;\">Przed zapisem nale\u017cy zapozna\u0107 si\u0119 z <strong>Regulaminem zasad funkcjonowania i korzystania ze sto\u0142\u00f3wki w Szkole Podstawowej z Oddzia\u0142ami Integracyjnymi Nr 22 w P\u0142ocku<\/strong><\/span><\/p>\n<p><a href=\"https:\/\/sp22.pl\/nowa\/wp-content\/uploads\/Pliki\/Do_pobrania_static\/Tworzenie%20strony%20www\/Dokumenty%20szkolne\/Regulamin%20sto%C5%82%C3%B3wki%202025%202026.pdf\"><span style=\"color: #0000ff;\"><em>Regulamin zasad funkcjonowania i korzystania ze sto\u0142\u00f3wki w Szkole Podstawowej z Oddzia\u0142ami Integracyjnymi Nr 22 w P\u0142ocku \/pdf&nbsp; 41 KB\/<\/em><\/span><\/a><\/p>\n<p><a href=\"https:\/\/sp22.pl\/nowa\/wp-content\/uploads\/Pliki\/Do_pobrania_static\/Tworzenie%20strony%20www\/Dokumenty%20szkolne\/Deklaracja_zapisu_na%20obiad_2025_2026.docx\"><span style=\"color: #0000ff;\"><em>Deklaracja korzystania z wy\u017cywienia w sto\u0142\u00f3wce szkolnej w roku szkolnym 2025\/2026&nbsp; \/docx 28 KB\/<\/em><\/span><\/a><\/p>\n<p><a href=\"https:\/\/sp22.pl\/nowa\/wp-content\/uploads\/Pliki\/Do_pobrania_static\/Tworzenie%20strony%20www\/Dokumenty%20szkolne\/Deklaracja_zapisu_na%20obiad_2025_2026.pdf\"><span style=\"color: #0000ff;\"><em>Deklaracja korzystania z wy\u017cywienia w sto\u0142\u00f3wce szkolnej w roku szkolnym 2025\/2026 \/pdf 168 KB\/<\/em><\/span><\/a><\/p>\n<p>&nbsp;<\/p>\n","protected":false},"excerpt":{"rendered":"<p>&#46;&#46;&#46;<\/p>\n","protected":false},"author":9,"featured_media":11243,"comment_status":"open","ping_status":"open","sticky":false,"template":"","format":"standard","meta":{"ngg_post_thumbnail":0,"footnotes":""},"categories":[1],"tags":[],"class_list":["post-11242","post","type-post","status-publish","format-standard","has-post-thumbnail","hentry","category-wiadomosci"],"_links":{"self":[{"href":"https:\/\/sp22.pl\/nowa\/index.php\/wp-json\/wp\/v2\/posts\/11242","targetHints":{"allow":["GET"]}}],"collection":[{"href":"https:\/\/sp22.pl\/nowa\/index.php\/wp-json\/wp\/v2\/posts"}],"about":[{"href":"https:\/\/sp22.pl\/nowa\/index.php\/wp-json\/wp\/v2\/types\/post"}],"author":[{"embeddable":true,"href":"https:\/\/sp22.pl\/nowa\/index.php\/wp-json\/wp\/v2\/users\/9"}],"replies":[{"embeddable":true,"href":"https:\/\/sp22.pl\/nowa\/index.php\/wp-json\/wp\/v2\/comments?post=11242"}],"version-history":[{"count":5,"href":"https:\/\/sp22.pl\/nowa\/index.php\/wp-json\/wp\/v2\/posts\/11242\/revisions"}],"predecessor-version":[{"id":11251,"href":"https:\/\/sp22.pl\/nowa\/index.php\/wp-json\/wp\/v2\/posts\/11242\/revisions\/11251"}],"wp:featuredmedia":[{"embeddable":true,"href":"https:\/\/sp22.pl\/nowa\/index.php\/wp-json\/wp\/v2\/media\/11243"}],"wp:attachment":[{"href":"https:\/\/sp22.pl\/nowa\/index.php\/wp-json\/wp\/v2\/media?parent=11242"}],"wp:term":[{"taxonomy":"category","embeddable":true,"href":"https:\/\/sp22.pl\/nowa\/index.php\/wp-json\/wp\/v2\/categories?post=11242"},{"taxonomy":"post_tag","embeddable":true,"href":"https:\/\/sp22.pl\/nowa\/index.php\/wp-json\/wp\/v2\/tags?post=11242"}],"curies":[{"name":"wp","href":"https:\/\/api.w.org\/{rel}","templated":true}]}}