{"id":11195,"date":"2025-07-31T11:32:06","date_gmt":"2025-07-31T09:32:06","guid":{"rendered":"https:\/\/sp22.pl\/nowa\/?p=11195"},"modified":"2025-07-31T11:57:55","modified_gmt":"2025-07-31T09:57:55","slug":"informacja-wydzialu-zdrowia-i-spraw-spolecznych-urzedu-miasta-plocka","status":"publish","type":"post","link":"https:\/\/sp22.pl\/nowa\/index.php\/2025\/07\/31\/informacja-wydzialu-zdrowia-i-spraw-spolecznych-urzedu-miasta-plocka\/","title":{"rendered":"Informacja Wydzia\u0142u Zdrowia i Spraw Spo\u0142ecznych Urz\u0119du Miasta P\u0142ocka"},"content":{"rendered":"<p align=\"CENTER\"><img loading=\"lazy\" decoding=\"async\" class=\"alignnone size-full wp-image-11196\" src=\"https:\/\/sp22.pl\/nowa\/wp-content\/uploads\/2025\/07\/pomoc_psychologiczna_psychiatryczna_obrazek_wyrozniajacy.png\" alt=\"\" width=\"980\" height=\"450\" srcset=\"https:\/\/sp22.pl\/nowa\/wp-content\/uploads\/2025\/07\/pomoc_psychologiczna_psychiatryczna_obrazek_wyrozniajacy.png 980w, https:\/\/sp22.pl\/nowa\/wp-content\/uploads\/2025\/07\/pomoc_psychologiczna_psychiatryczna_obrazek_wyrozniajacy-300x138.png 300w, https:\/\/sp22.pl\/nowa\/wp-content\/uploads\/2025\/07\/pomoc_psychologiczna_psychiatryczna_obrazek_wyrozniajacy-768x353.png 768w\" sizes=\"auto, (max-width: 980px) 100vw, 980px\" \/><\/p>\n<p align=\"CENTER\"><span style=\"font-family: Verdana, sans-serif; color: #000000;\"><span style=\"font-size: large;\"><b>Miejsca udzielaj\u0105ce w P\u0142ocku bezp\u0142atnej pomocy psychologicznej, psychiatrycznej dla dzieci i m\u0142odzie\u017cy<\/b><\/span><\/span><\/p>\n<p align=\"CENTER\"><span style=\"font-family: Verdana, sans-serif; color: #000000;\"><span style=\"font-size: large;\"><b>oraz z zakresu interwencji kryzysowej<\/b><\/span><\/span><\/p>\n<p align=\"CENTER\">&nbsp;<\/p>\n<p><strong><span style=\"color: #000000;\">Leczenia psychiatryczne dla dzieci i m\u0142odzie\u017cy:<\/span><\/strong><\/p>\n<p><strong><span style=\"font-family: Verdana, sans-serif; color: #000000;\"><span style=\"font-size: small;\">1. NIEPUBLICZNY ZAK\u0141AD OPIEKI ZDROWOTNEJ &#8222;SABA-MED&#8221; W P\u0141OCKU <\/span><\/span><\/strong><\/p>\n<p><strong><span style=\"font-family: Verdana, sans-serif; color: #000000;\"><span style=\"font-size: small;\">PORADNIA ZDROWIA PSYCHICZNEGO DLA DZIECI I M\u0141ODZIE\u017bY<\/span><\/span><\/strong><\/p>\n<p><span style=\"font-family: Verdana, sans-serif; color: #000000;\"><span style=\"font-size: small;\">ul. KOBYLI\u0143SKIEGO 14, 09-400 P\u0142ock<\/span><\/span><\/p>\n<p><span style=\"font-family: Verdana, sans-serif; color: #000000;\"><span style=\"font-size: small;\">Telefon do rejestracji: 786-691-589 <\/span><\/span><\/p>\n<p><span style=\"font-family: Verdana, sans-serif; color: #000000;\"><span style=\"font-size: small;\">Telefon do informacji: 786-691-589 <\/span><\/span><\/p>\n<p><a href=\"https:\/\/www.saba-med.pl\/\" target=\"_blank\" rel=\"noopener\"><span style=\"font-family: Verdana, sans-serif;\"><span style=\"font-size: small;\">www.saba-med.pl <\/span><\/span><\/a><\/p>\n<p><strong><span style=\"color: #000000;\">\u015awiadczenia psychologiczne:<\/span><\/strong><\/p>\n<p><strong><span style=\"font-family: Verdana, sans-serif; color: #000000;\"><span style=\"font-size: small;\">1. P\u0141OCKI ZAK\u0141AD OPIEKI ZDROWOTNEJ SP\u00d3\u0141KA Z OGRANICZON\u0104 ODPOWIEDZIALNO\u015aCI\u0104 <\/span><\/span><\/strong><\/p>\n<p><strong><span style=\"font-family: Verdana, sans-serif; color: #000000;\"><span style=\"font-size: small;\">PORADNIA PSYCHOLOGICZNA DLA DZIECI I M\u0141ODZIE\u017bY<\/span><\/span><\/strong><\/p>\n<p><span style=\"font-family: Verdana, sans-serif; color: #000000;\"><span style=\"font-size: small;\">ul. MIKO\u0141AJA REJA 15\/3, 09-402 P\u0142ock<\/span><\/span><\/p>\n<p><span style=\"font-family: Verdana, sans-serif; color: #000000;\"><span style=\"font-size: small;\">Telefon do rejestracji: 532 403 556 <\/span><\/span><\/p>\n<p><span style=\"font-family: Verdana, sans-serif; color: #000000;\"><span style=\"font-size: small;\">Telefon do informacji: 532 403 556 <\/span><\/span><\/p>\n<p><a href=\"https:\/\/www.szpitalplock.pl\/\" target=\"_blank\" rel=\"noopener\"><span style=\"font-family: Verdana, sans-serif;\"><span style=\"font-size: small;\">www.szpitalplock.pl <\/span><\/span><\/a><\/p>\n<p><strong><span style=\"font-family: Verdana, sans-serif; color: #000000;\"><span style=\"font-size: small;\">2. VIDE SP.Z O.O. <\/span><\/span><\/strong><\/p>\n<p><strong><span style=\"font-family: Verdana, sans-serif; color: #000000;\"><span style=\"font-size: small;\">PORADNIA PSYCHOLOGICZNA DLA DZIECI DWORCOWA<\/span><\/span><\/strong><\/p>\n<p><span style=\"font-family: Verdana, sans-serif; color: #000000;\"><span style=\"font-size: small;\">ul. DWORCOWA 14, 09-400 P\u0142ock<\/span><\/span><\/p>\n<p><span style=\"font-family: Verdana, sans-serif; color: #000000;\"><span style=\"font-size: small;\">Telefon do rejestracji: +48 797 320 576 <\/span><\/span><\/p>\n<p><span style=\"font-family: Verdana, sans-serif; color: #000000;\"><span style=\"font-size: small;\">Telefon do informacji: +48 24 364 22 22 <\/span><\/span><\/p>\n<p><a href=\"http:\/\/WWW.VIDE-TERAPIA.PL\/PL\"><span style=\"font-family: Verdana, sans-serif;\"><span style=\"font-size: small;\">HTTP:\/\/WWW.VIDE-TERAPIA.PL\/PL<\/span><\/span><\/a><\/p>\n<p><strong><span style=\"color: #000000;\">O\u015brodek Interwencji Kryzysowej<\/span><\/strong><\/p>\n<p><span style=\"color: #000000;\">siedziba O\u015brodka Interwencji Kryzysowej: MOPS w P\u0142ocku przy ul. Zgliczy\u0144skiego&nbsp;4<\/span><\/p>\n<p><span style=\"color: #000000;\">telefon: 24\/364&nbsp;02&nbsp;48<\/span><\/p>\n<p><span style=\"color: #000000;\">e-mail:<\/span> <a href=\"mailto:oik@mopsplock.eu\">oik@mopsplock.eu<\/a><\/p>\n<p><span style=\"font-family: Verdana, sans-serif; color: #000000;\"><span style=\"font-size: small;\">Pomoc udzielana jest w formie:<\/span><\/span><\/p>\n<ul>\n<li><span style=\"font-family: Verdana, sans-serif; color: #000000;\"><span style=\"font-size: small;\">porad i konsultacji: psychologicznych, rodzinnych <\/span><\/span><\/li>\n<li><span style=\"font-family: Verdana, sans-serif; color: #000000;\"><span style=\"font-size: small;\">interwencji w miejscu zamieszkania <\/span><\/span><\/li>\n<li><span style=\"font-family: Verdana, sans-serif; color: #000000;\"><span style=\"font-size: small;\">wsparcia emocjonalnego <\/span><\/span><\/li>\n<li><span style=\"font-family: Verdana, sans-serif; color: #000000;\"><span style=\"font-size: small;\">konsultacji terapeutycznych <\/span><\/span><\/li>\n<\/ul>\n<p><span style=\"font-family: Verdana, sans-serif; color: #000000;\"><span style=\"font-size: small;\">Specjali\u015bci O\u015brodka Interwencji Kryzysowej:<\/span><\/span><\/p>\n<ul>\n<li><span style=\"font-family: Verdana, sans-serif; color: #000000;\"><span style=\"font-size: small;\">psycholodzy <\/span><\/span><\/li>\n<li><span style=\"font-family: Verdana, sans-serif; color: #000000;\"><span style=\"font-size: small;\">pedagodzy <\/span><\/span><\/li>\n<li><span style=\"font-family: Verdana, sans-serif; color: #000000;\"><span style=\"font-size: small;\">specjalista psychoterapii uzale\u017cnie\u0144 <\/span><\/span><\/li>\n<li><span style=\"font-family: Verdana, sans-serif; color: #000000;\"><span style=\"font-size: small;\">mediator rodzinny <\/span><\/span><\/li>\n<li><span style=\"font-family: Verdana, sans-serif; color: #000000;\"><span style=\"font-size: small;\">specjalista pracy socjalnej <\/span><\/span><\/li>\n<\/ul>\n<p><strong><span style=\"color: #000000;\">Telefon informacyjno &#8211; wspieraj\u0105cy<\/span><\/strong><\/p>\n<p align=\"JUSTIFY\"><span style=\"color: #000000;\"><span style=\"font-family: Verdana, sans-serif;\"><span style=\"font-size: small;\">Telefon informacyjno \u2013 wspieraj\u0105cy dla os\u00f3b do\u015bwiadczaj\u0105cych przemocy w rodzinie oraz \u015bwiadk\u00f3w przemocy: <\/span><\/span><strong>660&nbsp;434&nbsp;220<\/strong><\/span><\/p>\n<p><span style=\"color: #000000;\">Telefon czynny jest <strong>codziennie<\/strong> w godzinach od <strong>9.00 <\/strong>do <strong>21.00<\/strong><\/span><\/p>\n<p><span style=\"color: #000000;\">Komunikowanie si\u0119 za po\u015brednictwem <strong>SMS: 24\/h<\/strong><\/span><\/p>\n<p align=\"JUSTIFY\"><span style=\"color: #000000;\"><span style=\"font-family: Verdana, sans-serif;\"><b>B<\/b><\/span><span style=\"font-family: Verdana, sans-serif;\"><b>ezp\u0142atn<\/b><\/span><span style=\"font-family: Verdana, sans-serif;\"><b>a<\/b><\/span> pomoc z zakresu profilaktyki uzale\u017cnie\u0144, rozwi\u0105zywania problem\u00f3w alkoholowych, przeciwdzia\u0142ania narkomanii oraz przemocy domowej<span style=\"font-family: Verdana, sans-serif;\"><b>:<\/b><\/span><\/span><\/p>\n<p><span style=\"color: #000000;\">link:&nbsp;<a href=\"https:\/\/nowy.plock.eu\/core\/uploads\/2025\/05\/Bezplatna_pomoc_2025b.pdf\">https:\/\/nowy.plock.eu\/core\/uploads\/2025\/05\/Bezplatna_pomoc_2025b.pdf<\/a><\/span><\/p>\n<p>&nbsp;<\/p>\n","protected":false},"excerpt":{"rendered":"<p>&#46;&#46;&#46;<\/p>\n","protected":false},"author":4,"featured_media":11196,"comment_status":"open","ping_status":"open","sticky":false,"template":"","format":"standard","meta":{"ngg_post_thumbnail":0,"footnotes":""},"categories":[1],"tags":[],"class_list":["post-11195","post","type-post","status-publish","format-standard","has-post-thumbnail","hentry","category-wiadomosci"],"_links":{"self":[{"href":"https:\/\/sp22.pl\/nowa\/index.php\/wp-json\/wp\/v2\/posts\/11195","targetHints":{"allow":["GET"]}}],"collection":[{"href":"https:\/\/sp22.pl\/nowa\/index.php\/wp-json\/wp\/v2\/posts"}],"about":[{"href":"https:\/\/sp22.pl\/nowa\/index.php\/wp-json\/wp\/v2\/types\/post"}],"author":[{"embeddable":true,"href":"https:\/\/sp22.pl\/nowa\/index.php\/wp-json\/wp\/v2\/users\/4"}],"replies":[{"embeddable":true,"href":"https:\/\/sp22.pl\/nowa\/index.php\/wp-json\/wp\/v2\/comments?post=11195"}],"version-history":[{"count":10,"href":"https:\/\/sp22.pl\/nowa\/index.php\/wp-json\/wp\/v2\/posts\/11195\/revisions"}],"predecessor-version":[{"id":11206,"href":"https:\/\/sp22.pl\/nowa\/index.php\/wp-json\/wp\/v2\/posts\/11195\/revisions\/11206"}],"wp:featuredmedia":[{"embeddable":true,"href":"https:\/\/sp22.pl\/nowa\/index.php\/wp-json\/wp\/v2\/media\/11196"}],"wp:attachment":[{"href":"https:\/\/sp22.pl\/nowa\/index.php\/wp-json\/wp\/v2\/media?parent=11195"}],"wp:term":[{"taxonomy":"category","embeddable":true,"href":"https:\/\/sp22.pl\/nowa\/index.php\/wp-json\/wp\/v2\/categories?post=11195"},{"taxonomy":"post_tag","embeddable":true,"href":"https:\/\/sp22.pl\/nowa\/index.php\/wp-json\/wp\/v2\/tags?post=11195"}],"curies":[{"name":"wp","href":"https:\/\/api.w.org\/{rel}","templated":true}]}}