{"id":10987,"date":"2025-06-28T07:57:44","date_gmt":"2025-06-28T05:57:44","guid":{"rendered":"https:\/\/sp22.pl\/nowa\/?p=10987"},"modified":"2025-07-13T09:57:27","modified_gmt":"2025-07-13T07:57:27","slug":"zakonczenie-roku-szkolnego-2024-2025-2","status":"publish","type":"post","link":"https:\/\/sp22.pl\/nowa\/index.php\/2025\/06\/28\/zakonczenie-roku-szkolnego-2024-2025-2\/","title":{"rendered":"Zako\u0144czenie roku szkolnego 2024\/2025 &#8211; klasy \u00f3sme"},"content":{"rendered":"<p><span style=\"color: #000000;\">27 czerwca 2025 roku by\u0142 niezwykle wa\u017cnym dniem dla Absolwent\u00f3w, Nauczycieli i Rodzic\u00f3w nios\u0105cym ze sob\u0105 szczeg\u00f3lne emocje. Tegoroczne zako\u0144czenie roku szkolnego by\u0142o momentem wie\u0144cz\u0105cym trud o\u015bmioletniej nauki Uczni\u00f3w naszej szko\u0142y, ich niezwyk\u0142ej rado\u015bci, refleksji i dumy, poniewa\u017c opuszczaj\u0105 oni mury naszej szko\u0142y, by rozpocz\u0105\u0107 nowy etap edukacyjnej przygody.<\/span><\/p>\n<p><span style=\"color: #000000;\">To wyj\u0105tkowa chwila, kt\u00f3ra z ca\u0142\u0105 pewno\u015bci\u0105 na d\u0142ugo pozostanie w pami\u0119ci wszystkich jego uczestnik\u00f3w. Za nami miesi\u0105ce nauki, wsp\u00f3lnych zaj\u0119\u0107 i szkolnych przyg\u00f3d, a tak\u017ce wyzwa\u0144, jakim musieli sprosta\u0107 obecni Absolwenci. Ka\u017cdy dzie\u0144 by\u0142 dla nich okazj\u0105 do zdobywania nowych umiej\u0119tno\u015bci, poszerzania wiedzy, ale tak\u017ce rozwijania przyja\u017ani, pasji i zainteresowa\u0144. Uczniowie z zaanga\u017cowaniem uczestniczyli w lekcjach, projektach edukacyjnych, konkursach i wydarzeniach sportowych, pokazuj\u0105c, \u017ce potrafi\u0105 \u0142\u0105czy\u0107 obowi\u0105zki z dobr\u0105 zabaw\u0105 i zdobyciem laur\u00f3w. Spotkanie z Absolwentami, ich Rodzicami oraz Nauczycielami by\u0142o okazj\u0105 do podsumowania osi\u0105gni\u0119\u0107 edukacyjnych.&nbsp;<\/span><\/p>\n<p><span style=\"color: #000000;\">Podczas uroczysto\u015bci panie Dyrektor Marlena B\u0142achowicz, Monika Przemy\u0142ska oraz Agnieszka Gawli\u0144ska wr\u0119czy\u0142y Absolwentom nagrody za celuj\u0105ce, bardzo dobre wyniki w nauce oraz wzorowe i bardzo dobre zachowanie. Fundatorem Nagr\u00f3d, jak co roku, by\u0142a Rada Rodzic\u00f3w pod przewodnictwem pana Przemys\u0142awa Zieli\u0144skiego. R\u00f3wnie&nbsp; emocjonuj\u0105cym momentem by\u0142o og\u0142oszenie, kto w bie\u017c\u0105cym roku zosta\u0142 uznany za <strong>Najlepszego z Najlepszych<\/strong> w naszej szkole. Laureatem okaza\u0142 si\u0119 <strong>Dominik K\u0142ys &#8211; Ucze\u0144 klasy 8b<\/strong>. Podczas uroczysto\u015bci uhonorowano r\u00f3wnie\u017c Rodzic\u00f3w Uczni\u00f3w Listami Gratulacyjnymi podkre\u015blaj\u0105c, \u017ce za ka\u017cdym sukcesem dziecka kryje si\u0119 ogromna praca i wysi\u0142ek rodzica troszcz\u0105cego si\u0119 o w\u0142a\u015bciwe wychowanie i sukcesy edukacyjne dziecka.<\/span><\/p>\n<p><span style=\"color: #000000;\">R\u00f3wnie emocjonuj\u0105ce by\u0142o wyst\u0105pienie jednego z Absolwent\u00f3w i podzi\u0119kowanie skierowane wobec Dyrektor\u00f3w, Nauczycieli i&nbsp;Wychowawc\u00f3w naszej szko\u0142y za codzienny trud, cierpliwo\u015b\u0107, zaanga\u017cowanie w opiek\u0119, wychowanie i edukacj\u0119 m\u0142odych ludzi. To jak\u017ce wzruszaj\u0105ce wyst\u0105pienie stanowi\u0142o potwierdzenie, \u017ce codzienna praca i wysi\u0142ek Nauczycieli ma ogromny sens.<\/span><\/p>\n<p><span style=\"color: #000000;\">Po\u017cegnanie obecnego rocznika \u00d3smoklasist\u00f3w zbieg\u0142o si\u0119 r\u00f3wnie\u017c ze wzruszaj\u0105cym po\u017cegnaniem pani Dyrektor Agnieszki Gawli\u0144skiej, d\u0142ugoletniej Wicedyrektor szko\u0142y, kt\u00f3ra na zawsze zapisze si\u0119 w naszej pami\u0119ci jako osoba o ogromnej wiedzy, charyzmie, pasji, empatii i otwarto\u015bci na drugiego cz\u0142owieka.<\/span><\/p>\n<p><span style=\"color: #000000;\"><em>Koordynatorzy: Anna Cybulska, Anna Kuczmarska<\/em><\/span><\/p>\n<p><span style=\"color: #000000;\"><em>Opracowanie materia\u0142u: Anna Cybulska, Anna Kuczmarska<\/em><\/span><\/p>\nngg_shortcode_0_placeholder\n","protected":false},"excerpt":{"rendered":"<p>&#46;&#46;&#46;<\/p>\n","protected":false},"author":5,"featured_media":11100,"comment_status":"open","ping_status":"open","sticky":false,"template":"","format":"standard","meta":{"ngg_post_thumbnail":0,"footnotes":""},"categories":[1],"tags":[],"class_list":["post-10987","post","type-post","status-publish","format-standard","has-post-thumbnail","hentry","category-wiadomosci"],"_links":{"self":[{"href":"https:\/\/sp22.pl\/nowa\/index.php\/wp-json\/wp\/v2\/posts\/10987","targetHints":{"allow":["GET"]}}],"collection":[{"href":"https:\/\/sp22.pl\/nowa\/index.php\/wp-json\/wp\/v2\/posts"}],"about":[{"href":"https:\/\/sp22.pl\/nowa\/index.php\/wp-json\/wp\/v2\/types\/post"}],"author":[{"embeddable":true,"href":"https:\/\/sp22.pl\/nowa\/index.php\/wp-json\/wp\/v2\/users\/5"}],"replies":[{"embeddable":true,"href":"https:\/\/sp22.pl\/nowa\/index.php\/wp-json\/wp\/v2\/comments?post=10987"}],"version-history":[{"count":12,"href":"https:\/\/sp22.pl\/nowa\/index.php\/wp-json\/wp\/v2\/posts\/10987\/revisions"}],"predecessor-version":[{"id":11099,"href":"https:\/\/sp22.pl\/nowa\/index.php\/wp-json\/wp\/v2\/posts\/10987\/revisions\/11099"}],"wp:featuredmedia":[{"embeddable":true,"href":"https:\/\/sp22.pl\/nowa\/index.php\/wp-json\/wp\/v2\/media\/11100"}],"wp:attachment":[{"href":"https:\/\/sp22.pl\/nowa\/index.php\/wp-json\/wp\/v2\/media?parent=10987"}],"wp:term":[{"taxonomy":"category","embeddable":true,"href":"https:\/\/sp22.pl\/nowa\/index.php\/wp-json\/wp\/v2\/categories?post=10987"},{"taxonomy":"post_tag","embeddable":true,"href":"https:\/\/sp22.pl\/nowa\/index.php\/wp-json\/wp\/v2\/tags?post=10987"}],"curies":[{"name":"wp","href":"https:\/\/api.w.org\/{rel}","templated":true}]}}