{"id":10954,"date":"2025-06-25T10:33:08","date_gmt":"2025-06-25T08:33:08","guid":{"rendered":"https:\/\/sp22.pl\/nowa\/?p=10954"},"modified":"2025-06-26T10:56:39","modified_gmt":"2025-06-26T08:56:39","slug":"wielki-sukces-naszego-ucznia-brawo","status":"publish","type":"post","link":"https:\/\/sp22.pl\/nowa\/index.php\/2025\/06\/25\/wielki-sukces-naszego-ucznia-brawo\/","title":{"rendered":"Wielki sukces naszego Ucznia &#8211; BRAWO!"},"content":{"rendered":"<p><span style=\"color: #000000;\">Z ogromn\u0105 rado\u015bci\u0105 informujemy, \u017ce Ucze\u0144 klasy 8d &#8211; Szymon Rybacki zaj\u0105\u0142 II miejsce w Wojew\u00f3dzkim Konkursie na prac\u0119 literack\u0105 wywo\u0142uj\u0105c\u0105 rado\u015b\u0107 dzieci pt. ,,O u\u015bmiech dziecka\u2019\u2019.<\/span><\/p>\n<p><span style=\"color: #000000;\">Konkurs organizowany by\u0142 ju\u017c po raz sz\u00f3sty i zosta\u0142 obj\u0119ty honorowym patronatem Mazowieckiej Kurator O\u015bwiaty, Burmistrza Dzielnicy Bemowo m. st. Warszawy oraz Polskiego Stowarzyszenia im. Janusza Korczaka.<\/span><\/p>\n<p><span style=\"color: #000000;\">Uroczyste podsumowanie przedsi\u0119wzi\u0119cia odby\u0142o si\u0119 24 czerwca 2025 roku w Szkole Podstawowej z Oddzia\u0142ami Integracyjnymi nr 301 imienia Janusza Korczaka w Warszawie.<\/span><\/p>\n<p><span style=\"color: #000000;\">Serdecznie gratulujemy Szymonowi&nbsp; i \u017cyczymy dalszych sukces\u00f3w!<\/span><\/p>\n<p><span style=\"color: #000000;\"><em>&nbsp;<\/em><\/span><span style=\"color: #000000;\"><em>Opracowanie materia\u0142u: Anna Cybulska<\/em><\/span><\/p>\n<p><img loading=\"lazy\" decoding=\"async\" class=\"alignnone size-medium wp-image-10957\" src=\"https:\/\/sp22.pl\/nowa\/wp-content\/uploads\/2025\/06\/foto_2-1-226x300.jpg\" alt=\"\" width=\"226\" height=\"300\" srcset=\"https:\/\/sp22.pl\/nowa\/wp-content\/uploads\/2025\/06\/foto_2-1-226x300.jpg 226w, https:\/\/sp22.pl\/nowa\/wp-content\/uploads\/2025\/06\/foto_2-1-771x1024.jpg 771w, https:\/\/sp22.pl\/nowa\/wp-content\/uploads\/2025\/06\/foto_2-1-768x1020.jpg 768w, https:\/\/sp22.pl\/nowa\/wp-content\/uploads\/2025\/06\/foto_2-1-1157x1536.jpg 1157w, https:\/\/sp22.pl\/nowa\/wp-content\/uploads\/2025\/06\/foto_2-1.jpg 1204w\" sizes=\"auto, (max-width: 226px) 100vw, 226px\" \/><\/p>\n","protected":false},"excerpt":{"rendered":"<p>&#46;&#46;&#46;<\/p>\n","protected":false},"author":5,"featured_media":10956,"comment_status":"open","ping_status":"open","sticky":false,"template":"","format":"standard","meta":{"ngg_post_thumbnail":0,"footnotes":""},"categories":[1],"tags":[],"class_list":["post-10954","post","type-post","status-publish","format-standard","has-post-thumbnail","hentry","category-wiadomosci"],"_links":{"self":[{"href":"https:\/\/sp22.pl\/nowa\/index.php\/wp-json\/wp\/v2\/posts\/10954","targetHints":{"allow":["GET"]}}],"collection":[{"href":"https:\/\/sp22.pl\/nowa\/index.php\/wp-json\/wp\/v2\/posts"}],"about":[{"href":"https:\/\/sp22.pl\/nowa\/index.php\/wp-json\/wp\/v2\/types\/post"}],"author":[{"embeddable":true,"href":"https:\/\/sp22.pl\/nowa\/index.php\/wp-json\/wp\/v2\/users\/5"}],"replies":[{"embeddable":true,"href":"https:\/\/sp22.pl\/nowa\/index.php\/wp-json\/wp\/v2\/comments?post=10954"}],"version-history":[{"count":3,"href":"https:\/\/sp22.pl\/nowa\/index.php\/wp-json\/wp\/v2\/posts\/10954\/revisions"}],"predecessor-version":[{"id":10959,"href":"https:\/\/sp22.pl\/nowa\/index.php\/wp-json\/wp\/v2\/posts\/10954\/revisions\/10959"}],"wp:featuredmedia":[{"embeddable":true,"href":"https:\/\/sp22.pl\/nowa\/index.php\/wp-json\/wp\/v2\/media\/10956"}],"wp:attachment":[{"href":"https:\/\/sp22.pl\/nowa\/index.php\/wp-json\/wp\/v2\/media?parent=10954"}],"wp:term":[{"taxonomy":"category","embeddable":true,"href":"https:\/\/sp22.pl\/nowa\/index.php\/wp-json\/wp\/v2\/categories?post=10954"},{"taxonomy":"post_tag","embeddable":true,"href":"https:\/\/sp22.pl\/nowa\/index.php\/wp-json\/wp\/v2\/tags?post=10954"}],"curies":[{"name":"wp","href":"https:\/\/api.w.org\/{rel}","templated":true}]}}