{"id":10930,"date":"2025-06-10T21:50:45","date_gmt":"2025-06-10T19:50:45","guid":{"rendered":"https:\/\/sp22.pl\/nowa\/?p=10930"},"modified":"2025-06-24T21:57:31","modified_gmt":"2025-06-24T19:57:31","slug":"talentaria-2025","status":"publish","type":"post","link":"https:\/\/sp22.pl\/nowa\/index.php\/2025\/06\/10\/talentaria-2025\/","title":{"rendered":"Talentaria 2025"},"content":{"rendered":"<p><span style=\"color: #000000;\">Szkolny Przegl\u0105d Talent\u00f3w to cykliczna impreza w naszej szkole ciesz\u0105ca si\u0119 du\u017cym zainteresowaniem w\u015br\u00f3d uczni\u00f3w. Talentaria to przestrze\u0144, w kt\u00f3rej uczniowie mog\u0105 prezentowa\u0107 swoje talenty i uzdolnienia. W bie\u017c\u0105cej edycji przegl\u0105du wzi\u0119\u0142o udzia\u0142 35 uczestnik\u00f3w z klas I-VIII wy\u0142onionych podczas szkolnego castingu. Uczniowie zaprezentowali \u015bpiew, taniec, recytacj\u0119, \u017conglerk\u0119, gr\u0119 na instrumentach oraz uk\u0142adanie kostki Rubika na czas. W ka\u017cdej kategorii widoczna by\u0142a pasja i rado\u015b\u0107.<\/span><\/p>\n<p><span style=\"color: #000000;\">W tej edycji przegl\u0105du pierwszy raz klasy mog\u0142y prezentowa\u0107 wyst\u0119py grupowe.<\/span><\/p>\n<p><span style=\"color: #000000;\">Klasa 2a pod kierunkiem p. Anny Figurskiej zaprezentowa\u0142a uk\u0142ad taneczny, klasa 3d z p. Lidi\u0105 Dziewi\u0119ck\u0105 na czele, pokaza\u0142a jak bardzo jest zgran\u0105 klas\u0105 w wyst\u0119pie instrumentalnym do polki Tritsch Tratsch. Mogli\u015bmy r\u00f3wnie\u017c podziwia\u0107 wystaw\u0119 fotograficzn\u0105 \u201eNasi przyjaciele zwierz\u0119ta\u201d klasy 4a, przygotowan\u0105 pod kierunkiem wychowawczyni p. Ewy Figurskiej. Natomiast w teatraln\u0105 podr\u00f3\u017c do wsp\u00f3\u0142czesnej aran\u017cacji Kopciuszka zabra\u0142a nas klasa 4c z p. Justyn\u0105 Wawrzy\u0144sk\u0105. Za w\u0142o\u017con\u0105 prac\u0119 i zaanga\u017cowanie serdecznie dzi\u0119kujemy.<\/span><\/p>\n<p><span style=\"color: #000000;\">&nbsp;Uczestnicy sp\u0119dzili wiele godzin na wsp\u00f3lnych pr\u00f3bach buduj\u0105c nowe relacje i do\u015bwiadczenia. Wyst\u0119pom towarzyszy\u0142a atmosfera wzajemnego wsparcia, dopingowania siebie nawzajem i \u017cyczliwo\u015bci. Przegl\u0105d zako\u0144czy\u0142 wielki fina\u0142 w deszczu konfetti. Pami\u0105tkowe dyplomy wr\u0119czy\u0142a pani dyrektor Monika Przemy\u0142ska.<\/span><\/p>\n<p><span style=\"color: #000000;\">Sponsorami nagr\u00f3d w konkursie \u2013 personalizowanych kubk\u00f3w by\u0142a Rada Rodzic\u00f3w SP 22 \u2013 za co serdecznie dzi\u0119kujemy!<\/span><\/p>\n<p><span style=\"color: #000000;\">Szkolny Przegl\u0105d Talent\u00f3w wraz z uczniami przygotowa\u0142y: p. Iwona Ko\u0142odziejska, p. Marta Kapu\u015bci\u0144ska oraz p. Martyna Skrodzka.<\/span><\/p>\n<p><span style=\"color: #000000;\"><em>Opracowanie materia\u0142u: Martyna Skrodzka<\/em><\/span><\/p>\n<div style=\"width: 864px;\" class=\"wp-video\"><video class=\"wp-video-shortcode\" id=\"video-10930-1\" width=\"864\" height=\"576\" preload=\"metadata\" controls=\"controls\"><source type=\"video\/mp4\" src=\"https:\/\/sp22.pl\/nowa\/wp-content\/uploads\/2025\/06\/Talentaria-2025.mp4?_=1\" \/><a href=\"https:\/\/sp22.pl\/nowa\/wp-content\/uploads\/2025\/06\/Talentaria-2025.mp4\">https:\/\/sp22.pl\/nowa\/wp-content\/uploads\/2025\/06\/Talentaria-2025.mp4<\/a><\/video><\/div>\n","protected":false},"excerpt":{"rendered":"<p>&#46;&#46;&#46;<\/p>\n","protected":false},"author":4,"featured_media":10931,"comment_status":"open","ping_status":"open","sticky":false,"template":"","format":"standard","meta":{"ngg_post_thumbnail":0,"footnotes":""},"categories":[1],"tags":[],"class_list":["post-10930","post","type-post","status-publish","format-standard","has-post-thumbnail","hentry","category-wiadomosci"],"_links":{"self":[{"href":"https:\/\/sp22.pl\/nowa\/index.php\/wp-json\/wp\/v2\/posts\/10930","targetHints":{"allow":["GET"]}}],"collection":[{"href":"https:\/\/sp22.pl\/nowa\/index.php\/wp-json\/wp\/v2\/posts"}],"about":[{"href":"https:\/\/sp22.pl\/nowa\/index.php\/wp-json\/wp\/v2\/types\/post"}],"author":[{"embeddable":true,"href":"https:\/\/sp22.pl\/nowa\/index.php\/wp-json\/wp\/v2\/users\/4"}],"replies":[{"embeddable":true,"href":"https:\/\/sp22.pl\/nowa\/index.php\/wp-json\/wp\/v2\/comments?post=10930"}],"version-history":[{"count":3,"href":"https:\/\/sp22.pl\/nowa\/index.php\/wp-json\/wp\/v2\/posts\/10930\/revisions"}],"predecessor-version":[{"id":10935,"href":"https:\/\/sp22.pl\/nowa\/index.php\/wp-json\/wp\/v2\/posts\/10930\/revisions\/10935"}],"wp:featuredmedia":[{"embeddable":true,"href":"https:\/\/sp22.pl\/nowa\/index.php\/wp-json\/wp\/v2\/media\/10931"}],"wp:attachment":[{"href":"https:\/\/sp22.pl\/nowa\/index.php\/wp-json\/wp\/v2\/media?parent=10930"}],"wp:term":[{"taxonomy":"category","embeddable":true,"href":"https:\/\/sp22.pl\/nowa\/index.php\/wp-json\/wp\/v2\/categories?post=10930"},{"taxonomy":"post_tag","embeddable":true,"href":"https:\/\/sp22.pl\/nowa\/index.php\/wp-json\/wp\/v2\/tags?post=10930"}],"curies":[{"name":"wp","href":"https:\/\/api.w.org\/{rel}","templated":true}]}}