{"id":10909,"date":"2025-06-19T17:57:23","date_gmt":"2025-06-19T15:57:23","guid":{"rendered":"https:\/\/sp22.pl\/nowa\/?p=10909"},"modified":"2025-07-01T19:00:18","modified_gmt":"2025-07-01T17:00:18","slug":"xxix-edycja-mlp-2025","status":"publish","type":"post","link":"https:\/\/sp22.pl\/nowa\/index.php\/2025\/06\/19\/xxix-edycja-mlp-2025\/","title":{"rendered":"Z dum\u0105 og\u0142aszamy: I miejsce dla naszej Szko\u0142y w XXIX edycji Mi\u0119dzyszkolnej Ligi Przedmiotowej!"},"content":{"rendered":"<p><span style=\"color: #000000;\">Z ogromn\u0105 rado\u015bci\u0105, wzruszeniem i prawdziw\u0105 dum\u0105 informujemy, \u017ce nasza Szko\u0142a zdoby\u0142a I miejsce w klasyfikacji zespo\u0142owej XXIX Edycji Mi\u0119dzyszkolnej Ligi Przedmiotowej!<\/span><\/p>\n<p><span style=\"color: #000000;\">To niezwyk\u0142e osi\u0105gni\u0119cie \u2013 b\u0119d\u0105ce efektem ci\u0119\u017ckiej pracy, zaanga\u017cowania i pasji \u2013 potwierdza, \u017ce tworzymy spo\u0142eczno\u015b\u0107, kt\u00f3ra nie tylko stawia na wiedz\u0119, ale cieszy si\u0119 jej zdobywaniem.<\/span><\/p>\n<p><span style=\"color: #000000;\">Tegorocznej edycji towarzyszy\u0142o pi\u0119kne motto:<\/span><br \/>\n<span style=\"color: #000000;\">\u201ePosi\u0105\u015b\u0107 wiedz\u0119, czy czerpa\u0107 rado\u015b\u0107 z jej zdobywania\u201d \u2013 nasi Uczniowie pokazali, \u017ce jedno nie wyklucza drugiego. Wiedz\u0105, jak walczy\u0107 o najwy\u017csze laury i jak cieszy\u0107 si\u0119 drog\u0105, kt\u00f3ra do nich prowadzi!<\/span><\/p>\n<p><span style=\"color: #000000;\">Uroczysta gala rozdania nagr\u00f3d odby\u0142a si\u0119 5 czerwca 2025 r. w sali widowiskowej SP nr 3 w P\u0142ocku. W\u015br\u00f3d licznych go\u015bci obecni byli Laureaci, Nauczyciele, Dyrektorzy szk\u00f3\u0142 \u2013 i my\u2026 ze wzruszeniem odbieraj\u0105cy zas\u0142u\u017cone wyr\u00f3\u017cnienia!<\/span><\/p>\n<p><span style=\"color: #000000;\">W konkursach, w kt\u00f3rych bra\u0142o udzia\u0142 po kilkudziesi\u0119ciu Uczni\u00f3w z r\u00f3\u017cnych szk\u00f3\u0142, nasi reprezentanci nie tylko dor\u00f3wnali najlepszym \u2013 oni byli NAJLEPSI!<\/span><\/p>\n<p><span style=\"color: #000000;\">Oto nasz wspania\u0142y dorobek:<\/span><\/p>\n<p><img loading=\"lazy\" decoding=\"async\" class=\"alignnone size-full wp-image-10938\" src=\"https:\/\/sp22.pl\/nowa\/wp-content\/uploads\/2025\/06\/1.png\" alt=\"\" width=\"1366\" height=\"768\" srcset=\"https:\/\/sp22.pl\/nowa\/wp-content\/uploads\/2025\/06\/1.png 1366w, https:\/\/sp22.pl\/nowa\/wp-content\/uploads\/2025\/06\/1-300x169.png 300w, https:\/\/sp22.pl\/nowa\/wp-content\/uploads\/2025\/06\/1-1024x576.png 1024w, https:\/\/sp22.pl\/nowa\/wp-content\/uploads\/2025\/06\/1-768x432.png 768w\" sizes=\"auto, (max-width: 1366px) 100vw, 1366px\" \/><\/p>\n<p><img loading=\"lazy\" decoding=\"async\" class=\"alignnone size-full wp-image-10947\" src=\"https:\/\/sp22.pl\/nowa\/wp-content\/uploads\/2025\/06\/2.png\" alt=\"\" width=\"1366\" height=\"768\" srcset=\"https:\/\/sp22.pl\/nowa\/wp-content\/uploads\/2025\/06\/2.png 1366w, https:\/\/sp22.pl\/nowa\/wp-content\/uploads\/2025\/06\/2-300x169.png 300w, https:\/\/sp22.pl\/nowa\/wp-content\/uploads\/2025\/06\/2-1024x576.png 1024w, https:\/\/sp22.pl\/nowa\/wp-content\/uploads\/2025\/06\/2-768x432.png 768w\" sizes=\"auto, (max-width: 1366px) 100vw, 1366px\" \/>&nbsp;<\/p>\n<p><span style=\"color: #000000;\">Z dum\u0105 informujemy, \u017ce Pani Agnieszka Taborek zosta\u0142a Nauczycielem, kt\u00f3ry przygotowa\u0142 najwi\u0119ksz\u0105 liczb\u0119 Laureat\u00f3w \u2013 a\u017c czterech zwyci\u0119zc\u00f3w to Jej wychowankowie. Serdeczne gratulacje!<\/span><\/p>\n<p><span style=\"color: #000000;\">Dzi\u0119kujemy wszystkim Uczniom, Nauczycielom i Rodzicom \u2013 ten sukces jest wsp\u00f3lnym dzie\u0142em ca\u0142ej naszej spo\u0142eczno\u015bci. Wasza praca, po\u015bwi\u0119cenie i wiara w potencja\u0142 Uczni\u00f3w zaowocowa\u0142y wynikiem, z kt\u00f3rego mo\u017cemy by\u0107 naprawd\u0119 dumni!<\/span><\/p>\n<p><span style=\"color: #000000;\">Niech ta wyj\u0105tkowa chwila b\u0119dzie inspiracj\u0105 do dalszej nauki, wsp\u00f3lnego dzia\u0142ania i si\u0119gania po marzenia. Razem tworzymy szko\u0142\u0119, kt\u00f3ra \u015bwi\u0119tuje sukcesy \u2013 i buduje je ka\u017cdego dnia.<\/span><\/p>\n<p class=\"Standard\"><span class=\"StrongEmphasis\" style=\"color: #000000;\"><span style=\"font-family: 'Arial',sans-serif;\">Poni\u017cej link do prezentacji zestawiaj\u0105cej Laureat\u00f3w oraz ich Nauczycieli prowadz\u0105cych ze wszystkich plac\u00f3wek, kt\u00f3re wzi\u0119\u0142y udzia\u0142 w Mi\u0119dzyszkolnej Lidze Przedmiotowej 2025.<\/span><\/span><\/p>\n<p><a href=\"https:\/\/www.canva.com\/design\/DAGpLSooQ4g\/2O-ktyPDI9E3jJB1IE36-Q\/view?utm_content=DAGpLSooQ4g&amp;utm_campaign=designshare&amp;utm_medium=link2&amp;utm_source=uniquelinks&amp;utlId=h242b86008\"><span style=\"color: #000000;\">Prezentacja &#8211; zapraszamy.<\/span><\/a><\/p>\n<p><span style=\"color: #000000;\"><em>Opracowanie materia\u0142u: Daria W\u0142odarska, And\u017celika Kaniewska-\u0141uciakiewicz<\/em><\/span><\/p>\n","protected":false},"excerpt":{"rendered":"<p>&#46;&#46;&#46;<\/p>\n","protected":false},"author":5,"featured_media":10950,"comment_status":"open","ping_status":"open","sticky":false,"template":"","format":"standard","meta":{"ngg_post_thumbnail":0,"footnotes":""},"categories":[1],"tags":[],"class_list":["post-10909","post","type-post","status-publish","format-standard","has-post-thumbnail","hentry","category-wiadomosci"],"_links":{"self":[{"href":"https:\/\/sp22.pl\/nowa\/index.php\/wp-json\/wp\/v2\/posts\/10909","targetHints":{"allow":["GET"]}}],"collection":[{"href":"https:\/\/sp22.pl\/nowa\/index.php\/wp-json\/wp\/v2\/posts"}],"about":[{"href":"https:\/\/sp22.pl\/nowa\/index.php\/wp-json\/wp\/v2\/types\/post"}],"author":[{"embeddable":true,"href":"https:\/\/sp22.pl\/nowa\/index.php\/wp-json\/wp\/v2\/users\/5"}],"replies":[{"embeddable":true,"href":"https:\/\/sp22.pl\/nowa\/index.php\/wp-json\/wp\/v2\/comments?post=10909"}],"version-history":[{"count":15,"href":"https:\/\/sp22.pl\/nowa\/index.php\/wp-json\/wp\/v2\/posts\/10909\/revisions"}],"predecessor-version":[{"id":11114,"href":"https:\/\/sp22.pl\/nowa\/index.php\/wp-json\/wp\/v2\/posts\/10909\/revisions\/11114"}],"wp:featuredmedia":[{"embeddable":true,"href":"https:\/\/sp22.pl\/nowa\/index.php\/wp-json\/wp\/v2\/media\/10950"}],"wp:attachment":[{"href":"https:\/\/sp22.pl\/nowa\/index.php\/wp-json\/wp\/v2\/media?parent=10909"}],"wp:term":[{"taxonomy":"category","embeddable":true,"href":"https:\/\/sp22.pl\/nowa\/index.php\/wp-json\/wp\/v2\/categories?post=10909"},{"taxonomy":"post_tag","embeddable":true,"href":"https:\/\/sp22.pl\/nowa\/index.php\/wp-json\/wp\/v2\/tags?post=10909"}],"curies":[{"name":"wp","href":"https:\/\/api.w.org\/{rel}","templated":true}]}}